{"id":19864,"date":"2012-02-18T17:39:50","date_gmt":"2012-02-18T17:39:50","guid":{"rendered":"http:\/\/new.newlifeturkey.com\/index.php\/2012\/02\/18\/vitrinengesetz-in-alanya\/"},"modified":"2012-02-18T17:39:50","modified_gmt":"2012-02-18T17:39:50","slug":"vitrinengesetz-in-alanya","status":"publish","type":"post","link":"https:\/\/www.newlifecyprus.com\/de\/neues\/vitrinengesetz-in-alanya\/","title":{"rendered":"&#8222;Vitrinengesetz&#8220; in Alanya"},"content":{"rendered":"<p style=\"text-align: justify; \"> \t<img fetchpriority=\"high\" decoding=\"async\" class=\" alignleft size-full wp-image-19858\" alt=\"alt\" src=\"http:\/\/new.newlifeturkey.com\/wp-content\/uploads\/2012\/02\/vitrinengesetz%20alanya.jpg\" style=\"border-top-width: 1px; border-right-width: 1px; border-bottom-width: 1px; border-left-width: 1px; border-top-style: solid; border-right-style: solid; border-bottom-style: solid; border-left-style: solid; margin-left: 2px; margin-right: 2px; float: left; width: 150px; height: 125px; \" width=\"540\" height=\"405\" \/><\/p>\n<p style=\"text-align: justify; \"> \tAm 01.03.2012 trat diese Verordnung nun in Kraft. Das neue &#8222;Vitrinengesetz&#8220; in Alanya besagt, dass nun alle Gesch\u00e4fte verglast sein m\u00fcssen. Die neue Verordnung dient vor allem zum Schutz der Waren vor beispielsweise vor zu hoher Sonneneinstrahlung in den Sommermonaten. Auch im Hinblick auf Thema Energie sparen macht das Gesetz Sinn.<\/p>\n<p style=\"text-align: justify; \"> \tAuch Brotk\u00e4sten, Getr\u00e4nkek\u00fchlschr\u00e4nke und Zeitungsst\u00e4nder sind von dem Gesetzt betroffen, diese d\u00fcrfen von nun an nicht mehr aussen stehen.\u00a0<\/p>\n<p> \t\u00a0<\/p>\n","protected":false},"excerpt":{"rendered":"<p>Am 01.03.2012 trat diese Verordnung nun in Kraft. Das neue &#8222;Vitrinengesetz&#8220; in Alanya besagt, dass nun alle Gesch\u00e4fte verglast sein m\u00fcssen. Die neue Verordnung dient vor allem zum Schutz der Waren vor beispielsweise vor zu hoher Sonneneinstrahlung in den Sommermonaten. Auch im Hinblick auf Thema Energie sparen macht das Gesetz Sinn. Auch Brotk\u00e4sten, Getr\u00e4nkek\u00fchlschr\u00e4nke und Zeitungsst\u00e4nder sind von dem Gesetzt betroffen, diese d\u00fcrfen von &#8230;<\/p>\n","protected":false},"author":3,"featured_media":19852,"comment_status":"open","ping_status":"open","sticky":false,"template":"","format":"standard","meta":{"footnotes":""},"categories":[74],"tags":[],"class_list":["post-19864","post","type-post","status-publish","format-standard","has-post-thumbnail","hentry","category-neues"],"yoast_head":"<!-- This site is optimized with the Yoast SEO plugin v25.3 - https:\/\/yoast.com\/wordpress\/plugins\/seo\/ -->\n<title>&quot;Vitrinengesetz&quot; in Alanya - Immobilien in Zypern<\/title>\n<meta name=\"robots\" content=\"index, follow, max-snippet:-1, max-image-preview:large, max-video-preview:-1\" \/>\n<link rel=\"canonical\" href=\"https:\/\/www.newlifecyprus.com\/de\/neues\/vitrinengesetz-in-alanya\/\" \/>\n<meta property=\"og:locale\" content=\"de_DE\" \/>\n<meta property=\"og:type\" content=\"article\" \/>\n<meta property=\"og:title\" content=\"&quot;Vitrinengesetz&quot; in Alanya - Immobilien in Zypern\" \/>\n<meta property=\"og:description\" content=\"Am 01.03.2012 trat diese Verordnung nun in Kraft. Das neue &#8222;Vitrinengesetz&#8220; in Alanya besagt, dass nun alle Gesch\u00e4fte verglast sein m\u00fcssen. Die neue Verordnung dient vor allem zum Schutz der Waren vor beispielsweise vor zu hoher Sonneneinstrahlung in den Sommermonaten. Auch im Hinblick auf Thema Energie sparen macht das Gesetz Sinn. Auch Brotk\u00e4sten, Getr\u00e4nkek\u00fchlschr\u00e4nke und Zeitungsst\u00e4nder sind von dem Gesetzt betroffen, diese d\u00fcrfen von ...\" \/>\n<meta property=\"og:url\" content=\"https:\/\/www.newlifecyprus.com\/de\/neues\/vitrinengesetz-in-alanya\/\" \/>\n<meta property=\"og:site_name\" content=\"Immobilien in Zypern\" \/>\n<meta property=\"article:publisher\" content=\"https:\/\/www.facebook.com\/newlifeturkeyinalanya\/\" \/>\n<meta property=\"article:published_time\" content=\"2012-02-18T17:39:50+00:00\" \/>\n<meta property=\"og:image\" content=\"https:\/\/www.newlifecyprus.com\/wp-content\/uploads\/2012\/02\/vitrinengesetz%20alanya.jpg\" \/>\n\t<meta property=\"og:image:width\" content=\"540\" \/>\n\t<meta property=\"og:image:height\" content=\"405\" \/>\n\t<meta property=\"og:image:type\" content=\"image\/jpeg\" \/>\n<meta name=\"author\" content=\"ivonne\" \/>\n<meta name=\"twitter:card\" content=\"summary_large_image\" \/>\n<meta name=\"twitter:creator\" content=\"@NewLifeAlanya\" \/>\n<meta name=\"twitter:site\" content=\"@NewLifeAlanya\" \/>\n<meta name=\"twitter:label1\" content=\"Verfasst von\" \/>\n\t<meta name=\"twitter:data1\" content=\"ivonne\" \/>\n<script type=\"application\/ld+json\" class=\"yoast-schema-graph\">{\"@context\":\"https:\/\/schema.org\",\"@graph\":[{\"@type\":\"Article\",\"@id\":\"https:\/\/www.newlifecyprus.com\/de\/neues\/vitrinengesetz-in-alanya\/#article\",\"isPartOf\":{\"@id\":\"https:\/\/www.newlifecyprus.com\/de\/neues\/vitrinengesetz-in-alanya\/\"},\"author\":{\"name\":\"ivonne\",\"@id\":\"https:\/\/www.newlifecyprus.com\/de\/#\/schema\/person\/5be5fa430d698f3cacddc6a8f0aeb1b5\"},\"headline\":\"&#8222;Vitrinengesetz&#8220; in Alanya\",\"datePublished\":\"2012-02-18T17:39:50+00:00\",\"mainEntityOfPage\":{\"@id\":\"https:\/\/www.newlifecyprus.com\/de\/neues\/vitrinengesetz-in-alanya\/\"},\"wordCount\":80,\"commentCount\":0,\"publisher\":{\"@id\":\"https:\/\/www.newlifecyprus.com\/de\/#organization\"},\"image\":{\"@id\":\"https:\/\/www.newlifecyprus.com\/de\/neues\/vitrinengesetz-in-alanya\/#primaryimage\"},\"thumbnailUrl\":\"https:\/\/www.newlifecyprus.com\/wp-content\/uploads\/2012\/02\/vitrinengesetz alanya.jpg\",\"articleSection\":[\"Neues\"],\"inLanguage\":\"de-DE\"},{\"@type\":\"WebPage\",\"@id\":\"https:\/\/www.newlifecyprus.com\/de\/neues\/vitrinengesetz-in-alanya\/\",\"url\":\"https:\/\/www.newlifecyprus.com\/de\/neues\/vitrinengesetz-in-alanya\/\",\"name\":\"\\\"Vitrinengesetz\\\" in Alanya - Immobilien in Zypern\",\"isPartOf\":{\"@id\":\"https:\/\/www.newlifecyprus.com\/de\/#website\"},\"primaryImageOfPage\":{\"@id\":\"https:\/\/www.newlifecyprus.com\/de\/neues\/vitrinengesetz-in-alanya\/#primaryimage\"},\"image\":{\"@id\":\"https:\/\/www.newlifecyprus.com\/de\/neues\/vitrinengesetz-in-alanya\/#primaryimage\"},\"thumbnailUrl\":\"https:\/\/www.newlifecyprus.com\/wp-content\/uploads\/2012\/02\/vitrinengesetz alanya.jpg\",\"datePublished\":\"2012-02-18T17:39:50+00:00\",\"breadcrumb\":{\"@id\":\"https:\/\/www.newlifecyprus.com\/de\/neues\/vitrinengesetz-in-alanya\/#breadcrumb\"},\"inLanguage\":\"de-DE\",\"potentialAction\":[{\"@type\":\"ReadAction\",\"target\":[\"https:\/\/www.newlifecyprus.com\/de\/neues\/vitrinengesetz-in-alanya\/\"]}]},{\"@type\":\"ImageObject\",\"inLanguage\":\"de-DE\",\"@id\":\"https:\/\/www.newlifecyprus.com\/de\/neues\/vitrinengesetz-in-alanya\/#primaryimage\",\"url\":\"https:\/\/www.newlifecyprus.com\/wp-content\/uploads\/2012\/02\/vitrinengesetz alanya.jpg\",\"contentUrl\":\"https:\/\/www.newlifecyprus.com\/wp-content\/uploads\/2012\/02\/vitrinengesetz alanya.jpg\",\"width\":540,\"height\":405,\"caption\":\"alt\"},{\"@type\":\"BreadcrumbList\",\"@id\":\"https:\/\/www.newlifecyprus.com\/de\/neues\/vitrinengesetz-in-alanya\/#breadcrumb\",\"itemListElement\":[{\"@type\":\"ListItem\",\"position\":1,\"name\":\"Home\",\"item\":\"https:\/\/www.newlifecyprus.com\/de\/startseite\/\"},{\"@type\":\"ListItem\",\"position\":2,\"name\":\"&#8220;Vitrinengesetz&#8221; in Alanya\"}]},{\"@type\":\"WebSite\",\"@id\":\"https:\/\/www.newlifecyprus.com\/de\/#website\",\"url\":\"https:\/\/www.newlifecyprus.com\/de\/\",\"name\":\"Properties in Cyprus\",\"description\":\"New Life Cyprus\",\"publisher\":{\"@id\":\"https:\/\/www.newlifecyprus.com\/de\/#organization\"},\"potentialAction\":[{\"@type\":\"SearchAction\",\"target\":{\"@type\":\"EntryPoint\",\"urlTemplate\":\"https:\/\/www.newlifecyprus.com\/de\/?s={search_term_string}\"},\"query-input\":{\"@type\":\"PropertyValueSpecification\",\"valueRequired\":true,\"valueName\":\"search_term_string\"}}],\"inLanguage\":\"de-DE\"},{\"@type\":\"Organization\",\"@id\":\"https:\/\/www.newlifecyprus.com\/de\/#organization\",\"name\":\"Properties in Cyprus\",\"url\":\"https:\/\/www.newlifecyprus.com\/de\/\",\"logo\":{\"@type\":\"ImageObject\",\"inLanguage\":\"de-DE\",\"@id\":\"https:\/\/www.newlifecyprus.com\/de\/#\/schema\/logo\/image\/\",\"url\":\"https:\/\/www.newlifecyprus.com\/wp-content\/uploads\/2022\/05\/logo-205.png\",\"contentUrl\":\"https:\/\/www.newlifecyprus.com\/wp-content\/uploads\/2022\/05\/logo-205.png\",\"width\":205,\"height\":46,\"caption\":\"Properties in Cyprus\"},\"image\":{\"@id\":\"https:\/\/www.newlifecyprus.com\/de\/#\/schema\/logo\/image\/\"},\"sameAs\":[\"https:\/\/www.facebook.com\/newlifeturkeyinalanya\/\",\"https:\/\/x.com\/NewLifeAlanya\"]},{\"@type\":\"Person\",\"@id\":\"https:\/\/www.newlifecyprus.com\/de\/#\/schema\/person\/5be5fa430d698f3cacddc6a8f0aeb1b5\",\"name\":\"ivonne\",\"image\":{\"@type\":\"ImageObject\",\"inLanguage\":\"de-DE\",\"@id\":\"https:\/\/www.newlifecyprus.com\/de\/#\/schema\/person\/image\/\",\"url\":\"https:\/\/secure.gravatar.com\/avatar\/a35e164491724918adfa04c96b11cb7b?s=96&d=mm&r=g\",\"contentUrl\":\"https:\/\/secure.gravatar.com\/avatar\/a35e164491724918adfa04c96b11cb7b?s=96&d=mm&r=g\",\"caption\":\"ivonne\"}}]}<\/script>\n<!-- \/ Yoast SEO plugin. -->","yoast_head_json":{"title":"\"Vitrinengesetz\" in Alanya - Immobilien in Zypern","robots":{"index":"index","follow":"follow","max-snippet":"max-snippet:-1","max-image-preview":"max-image-preview:large","max-video-preview":"max-video-preview:-1"},"canonical":"https:\/\/www.newlifecyprus.com\/de\/neues\/vitrinengesetz-in-alanya\/","og_locale":"de_DE","og_type":"article","og_title":"\"Vitrinengesetz\" in Alanya - Immobilien in Zypern","og_description":"Am 01.03.2012 trat diese Verordnung nun in Kraft. Das neue &#8222;Vitrinengesetz&#8220; in Alanya besagt, dass nun alle Gesch\u00e4fte verglast sein m\u00fcssen. Die neue Verordnung dient vor allem zum Schutz der Waren vor beispielsweise vor zu hoher Sonneneinstrahlung in den Sommermonaten. Auch im Hinblick auf Thema Energie sparen macht das Gesetz Sinn. Auch Brotk\u00e4sten, Getr\u00e4nkek\u00fchlschr\u00e4nke und Zeitungsst\u00e4nder sind von dem Gesetzt betroffen, diese d\u00fcrfen von ...","og_url":"https:\/\/www.newlifecyprus.com\/de\/neues\/vitrinengesetz-in-alanya\/","og_site_name":"Immobilien in Zypern","article_publisher":"https:\/\/www.facebook.com\/newlifeturkeyinalanya\/","article_published_time":"2012-02-18T17:39:50+00:00","og_image":[{"width":540,"height":405,"url":"https:\/\/www.newlifecyprus.com\/wp-content\/uploads\/2012\/02\/vitrinengesetz alanya.jpg","type":"image\/jpeg"}],"author":"ivonne","twitter_card":"summary_large_image","twitter_creator":"@NewLifeAlanya","twitter_site":"@NewLifeAlanya","twitter_misc":{"Verfasst von":"ivonne"},"schema":{"@context":"https:\/\/schema.org","@graph":[{"@type":"Article","@id":"https:\/\/www.newlifecyprus.com\/de\/neues\/vitrinengesetz-in-alanya\/#article","isPartOf":{"@id":"https:\/\/www.newlifecyprus.com\/de\/neues\/vitrinengesetz-in-alanya\/"},"author":{"name":"ivonne","@id":"https:\/\/www.newlifecyprus.com\/de\/#\/schema\/person\/5be5fa430d698f3cacddc6a8f0aeb1b5"},"headline":"&#8222;Vitrinengesetz&#8220; in Alanya","datePublished":"2012-02-18T17:39:50+00:00","mainEntityOfPage":{"@id":"https:\/\/www.newlifecyprus.com\/de\/neues\/vitrinengesetz-in-alanya\/"},"wordCount":80,"commentCount":0,"publisher":{"@id":"https:\/\/www.newlifecyprus.com\/de\/#organization"},"image":{"@id":"https:\/\/www.newlifecyprus.com\/de\/neues\/vitrinengesetz-in-alanya\/#primaryimage"},"thumbnailUrl":"https:\/\/www.newlifecyprus.com\/wp-content\/uploads\/2012\/02\/vitrinengesetz alanya.jpg","articleSection":["Neues"],"inLanguage":"de-DE"},{"@type":"WebPage","@id":"https:\/\/www.newlifecyprus.com\/de\/neues\/vitrinengesetz-in-alanya\/","url":"https:\/\/www.newlifecyprus.com\/de\/neues\/vitrinengesetz-in-alanya\/","name":"\"Vitrinengesetz\" in Alanya - Immobilien in Zypern","isPartOf":{"@id":"https:\/\/www.newlifecyprus.com\/de\/#website"},"primaryImageOfPage":{"@id":"https:\/\/www.newlifecyprus.com\/de\/neues\/vitrinengesetz-in-alanya\/#primaryimage"},"image":{"@id":"https:\/\/www.newlifecyprus.com\/de\/neues\/vitrinengesetz-in-alanya\/#primaryimage"},"thumbnailUrl":"https:\/\/www.newlifecyprus.com\/wp-content\/uploads\/2012\/02\/vitrinengesetz alanya.jpg","datePublished":"2012-02-18T17:39:50+00:00","breadcrumb":{"@id":"https:\/\/www.newlifecyprus.com\/de\/neues\/vitrinengesetz-in-alanya\/#breadcrumb"},"inLanguage":"de-DE","potentialAction":[{"@type":"ReadAction","target":["https:\/\/www.newlifecyprus.com\/de\/neues\/vitrinengesetz-in-alanya\/"]}]},{"@type":"ImageObject","inLanguage":"de-DE","@id":"https:\/\/www.newlifecyprus.com\/de\/neues\/vitrinengesetz-in-alanya\/#primaryimage","url":"https:\/\/www.newlifecyprus.com\/wp-content\/uploads\/2012\/02\/vitrinengesetz alanya.jpg","contentUrl":"https:\/\/www.newlifecyprus.com\/wp-content\/uploads\/2012\/02\/vitrinengesetz alanya.jpg","width":540,"height":405,"caption":"alt"},{"@type":"BreadcrumbList","@id":"https:\/\/www.newlifecyprus.com\/de\/neues\/vitrinengesetz-in-alanya\/#breadcrumb","itemListElement":[{"@type":"ListItem","position":1,"name":"Home","item":"https:\/\/www.newlifecyprus.com\/de\/startseite\/"},{"@type":"ListItem","position":2,"name":"&#8220;Vitrinengesetz&#8221; in Alanya"}]},{"@type":"WebSite","@id":"https:\/\/www.newlifecyprus.com\/de\/#website","url":"https:\/\/www.newlifecyprus.com\/de\/","name":"Properties in Cyprus","description":"New Life Cyprus","publisher":{"@id":"https:\/\/www.newlifecyprus.com\/de\/#organization"},"potentialAction":[{"@type":"SearchAction","target":{"@type":"EntryPoint","urlTemplate":"https:\/\/www.newlifecyprus.com\/de\/?s={search_term_string}"},"query-input":{"@type":"PropertyValueSpecification","valueRequired":true,"valueName":"search_term_string"}}],"inLanguage":"de-DE"},{"@type":"Organization","@id":"https:\/\/www.newlifecyprus.com\/de\/#organization","name":"Properties in Cyprus","url":"https:\/\/www.newlifecyprus.com\/de\/","logo":{"@type":"ImageObject","inLanguage":"de-DE","@id":"https:\/\/www.newlifecyprus.com\/de\/#\/schema\/logo\/image\/","url":"https:\/\/www.newlifecyprus.com\/wp-content\/uploads\/2022\/05\/logo-205.png","contentUrl":"https:\/\/www.newlifecyprus.com\/wp-content\/uploads\/2022\/05\/logo-205.png","width":205,"height":46,"caption":"Properties in Cyprus"},"image":{"@id":"https:\/\/www.newlifecyprus.com\/de\/#\/schema\/logo\/image\/"},"sameAs":["https:\/\/www.facebook.com\/newlifeturkeyinalanya\/","https:\/\/x.com\/NewLifeAlanya"]},{"@type":"Person","@id":"https:\/\/www.newlifecyprus.com\/de\/#\/schema\/person\/5be5fa430d698f3cacddc6a8f0aeb1b5","name":"ivonne","image":{"@type":"ImageObject","inLanguage":"de-DE","@id":"https:\/\/www.newlifecyprus.com\/de\/#\/schema\/person\/image\/","url":"https:\/\/secure.gravatar.com\/avatar\/a35e164491724918adfa04c96b11cb7b?s=96&d=mm&r=g","contentUrl":"https:\/\/secure.gravatar.com\/avatar\/a35e164491724918adfa04c96b11cb7b?s=96&d=mm&r=g","caption":"ivonne"}}]}},"_links":{"self":[{"href":"https:\/\/www.newlifecyprus.com\/de\/wp-json\/wp\/v2\/posts\/19864"}],"collection":[{"href":"https:\/\/www.newlifecyprus.com\/de\/wp-json\/wp\/v2\/posts"}],"about":[{"href":"https:\/\/www.newlifecyprus.com\/de\/wp-json\/wp\/v2\/types\/post"}],"author":[{"embeddable":true,"href":"https:\/\/www.newlifecyprus.com\/de\/wp-json\/wp\/v2\/users\/3"}],"replies":[{"embeddable":true,"href":"https:\/\/www.newlifecyprus.com\/de\/wp-json\/wp\/v2\/comments?post=19864"}],"version-history":[{"count":0,"href":"https:\/\/www.newlifecyprus.com\/de\/wp-json\/wp\/v2\/posts\/19864\/revisions"}],"wp:featuredmedia":[{"embeddable":true,"href":"https:\/\/www.newlifecyprus.com\/de\/wp-json\/wp\/v2\/media\/19852"}],"wp:attachment":[{"href":"https:\/\/www.newlifecyprus.com\/de\/wp-json\/wp\/v2\/media?parent=19864"}],"wp:term":[{"taxonomy":"category","embeddable":true,"href":"https:\/\/www.newlifecyprus.com\/de\/wp-json\/wp\/v2\/categories?post=19864"},{"taxonomy":"post_tag","embeddable":true,"href":"https:\/\/www.newlifecyprus.com\/de\/wp-json\/wp\/v2\/tags?post=19864"}],"curies":[{"name":"wp","href":"https:\/\/api.w.org\/{rel}","templated":true}]}}