{"id":19992,"date":"2012-05-16T07:57:37","date_gmt":"2012-05-16T07:57:37","guid":{"rendered":"http:\/\/new.newlifeturkey.com\/index.php\/2012\/05\/16\/schueler-aus-partnerstaedten-feiern-den-23-april\/"},"modified":"2012-05-16T07:57:37","modified_gmt":"2012-05-16T07:57:37","slug":"schueler-aus-partnerstaedten-feiern-den-23-april","status":"publish","type":"post","link":"https:\/\/www.newlifecyprus.com\/de\/neues\/schueler-aus-partnerstaedten-feiern-den-23-april\/","title":{"rendered":"Sch\u00fcler aus Partnerst\u00e4dten feiern den 23. April"},"content":{"rendered":"<p style=\"text-align: justify; \"> \t<img fetchpriority=\"high\" decoding=\"async\" class=\" alignleft size-full wp-image-19986\" alt=\"23 Nisan in Alanya\" src=\"http:\/\/new.newlifeturkey.com\/wp-content\/uploads\/2012\/05\/23%20Nisan.JPG\" style=\"border-top-width: 1px; border-right-width: 1px; border-bottom-width: 1px; border-left-width: 1px; border-top-style: solid; border-right-style: solid; border-bottom-style: solid; border-left-style: solid; margin-left: 4px; margin-right: 4px; margin-top: 4px; margin-bottom: 4px; float: left; width: 150px; height: 125px; \" width=\"400\" height=\"266\" \/>Sch\u00fcler aus den Partnerst\u00e4dten in \u00d6sterreich, Finnland, Lettland, Polen und Litauen feierten den 23. April, Tag der Nationalen Souver\u00e4nit\u00e4t und Kinderfeiertag, gemeinsam mit den Sch\u00fclern aus Alanya.<\/p>\n<p style=\"text-align: justify; \"> \tSch\u00fclergruppen aus den Partnerst\u00e4dten in \u00d6sterreich, Finnland, Lettland, Polen und Litauen kamen nach Alanya, um gemeinsam an den Feierlichkeiten zum 23. April, dem Tag der Nationalen Souver\u00e4nit\u00e4t und Kinderfeiertag, teilzunehmen. Die Kranzniederlegung am Atat\u00fcrk Denkmal und die anschlie\u00dfende Zeremonie verfolgten die Kinder voller Interesse. Im Anschluss hieran nahmen die Kinder aus den Partnerst\u00e4dten an dem Umzug teil, der hinter dem Rathaus startete.<\/p>\n<p> \t\u00a0<\/p>\n","protected":false},"excerpt":{"rendered":"<p>Sch\u00fcler aus den Partnerst\u00e4dten in \u00d6sterreich, Finnland, Lettland, Polen und Litauen feierten den 23. April, Tag der Nationalen Souver\u00e4nit\u00e4t und Kinderfeiertag, gemeinsam mit den Sch\u00fclern aus Alanya. Sch\u00fclergruppen aus den Partnerst\u00e4dten in \u00d6sterreich, Finnland, Lettland, Polen und Litauen kamen nach Alanya, um gemeinsam an den Feierlichkeiten zum 23. April, dem Tag der Nationalen Souver\u00e4nit\u00e4t und Kinderfeiertag, teilzunehmen. Die Kranzniederlegung am Atat\u00fcrk Denkmal und die &#8230;<\/p>\n","protected":false},"author":3,"featured_media":19986,"comment_status":"open","ping_status":"open","sticky":false,"template":"","format":"standard","meta":{"footnotes":""},"categories":[74],"tags":[],"class_list":["post-19992","post","type-post","status-publish","format-standard","has-post-thumbnail","hentry","category-neues"],"yoast_head":"<!-- This site is optimized with the Yoast SEO plugin v25.3 - https:\/\/yoast.com\/wordpress\/plugins\/seo\/ -->\n<title>Sch\u00fcler aus Partnerst\u00e4dten feiern den 23. April - Immobilien in Zypern<\/title>\n<meta name=\"robots\" content=\"index, follow, max-snippet:-1, max-image-preview:large, max-video-preview:-1\" \/>\n<link rel=\"canonical\" href=\"https:\/\/www.newlifecyprus.com\/de\/neues\/schueler-aus-partnerstaedten-feiern-den-23-april\/\" \/>\n<meta property=\"og:locale\" content=\"de_DE\" \/>\n<meta property=\"og:type\" content=\"article\" \/>\n<meta property=\"og:title\" content=\"Sch\u00fcler aus Partnerst\u00e4dten feiern den 23. April - Immobilien in Zypern\" \/>\n<meta property=\"og:description\" content=\"Sch\u00fcler aus den Partnerst\u00e4dten in \u00d6sterreich, Finnland, Lettland, Polen und Litauen feierten den 23. April, Tag der Nationalen Souver\u00e4nit\u00e4t und Kinderfeiertag, gemeinsam mit den Sch\u00fclern aus Alanya. Sch\u00fclergruppen aus den Partnerst\u00e4dten in \u00d6sterreich, Finnland, Lettland, Polen und Litauen kamen nach Alanya, um gemeinsam an den Feierlichkeiten zum 23. April, dem Tag der Nationalen Souver\u00e4nit\u00e4t und Kinderfeiertag, teilzunehmen. Die Kranzniederlegung am Atat\u00fcrk Denkmal und die ...\" \/>\n<meta property=\"og:url\" content=\"https:\/\/www.newlifecyprus.com\/de\/neues\/schueler-aus-partnerstaedten-feiern-den-23-april\/\" \/>\n<meta property=\"og:site_name\" content=\"Immobilien in Zypern\" \/>\n<meta property=\"article:publisher\" content=\"https:\/\/www.facebook.com\/newlifeturkeyinalanya\/\" \/>\n<meta property=\"article:published_time\" content=\"2012-05-16T07:57:37+00:00\" \/>\n<meta property=\"og:image\" content=\"https:\/\/www.newlifecyprus.com\/wp-content\/uploads\/2012\/05\/23%20Nisan.JPG\" \/>\n\t<meta property=\"og:image:width\" content=\"400\" \/>\n\t<meta property=\"og:image:height\" content=\"266\" \/>\n\t<meta property=\"og:image:type\" content=\"image\/jpeg\" \/>\n<meta name=\"author\" content=\"ivonne\" \/>\n<meta name=\"twitter:card\" content=\"summary_large_image\" \/>\n<meta name=\"twitter:creator\" content=\"@NewLifeAlanya\" \/>\n<meta name=\"twitter:site\" content=\"@NewLifeAlanya\" \/>\n<meta name=\"twitter:label1\" content=\"Verfasst von\" \/>\n\t<meta name=\"twitter:data1\" content=\"ivonne\" \/>\n<script type=\"application\/ld+json\" class=\"yoast-schema-graph\">{\"@context\":\"https:\/\/schema.org\",\"@graph\":[{\"@type\":\"Article\",\"@id\":\"https:\/\/www.newlifecyprus.com\/de\/neues\/schueler-aus-partnerstaedten-feiern-den-23-april\/#article\",\"isPartOf\":{\"@id\":\"https:\/\/www.newlifecyprus.com\/de\/neues\/schueler-aus-partnerstaedten-feiern-den-23-april\/\"},\"author\":{\"name\":\"ivonne\",\"@id\":\"https:\/\/www.newlifecyprus.com\/de\/#\/schema\/person\/5be5fa430d698f3cacddc6a8f0aeb1b5\"},\"headline\":\"Sch\u00fcler aus Partnerst\u00e4dten feiern den 23. April\",\"datePublished\":\"2012-05-16T07:57:37+00:00\",\"mainEntityOfPage\":{\"@id\":\"https:\/\/www.newlifecyprus.com\/de\/neues\/schueler-aus-partnerstaedten-feiern-den-23-april\/\"},\"wordCount\":107,\"commentCount\":0,\"publisher\":{\"@id\":\"https:\/\/www.newlifecyprus.com\/de\/#organization\"},\"image\":{\"@id\":\"https:\/\/www.newlifecyprus.com\/de\/neues\/schueler-aus-partnerstaedten-feiern-den-23-april\/#primaryimage\"},\"thumbnailUrl\":\"https:\/\/www.newlifecyprus.com\/wp-content\/uploads\/2012\/05\/23 Nisan.JPG\",\"articleSection\":[\"Neues\"],\"inLanguage\":\"de-DE\"},{\"@type\":\"WebPage\",\"@id\":\"https:\/\/www.newlifecyprus.com\/de\/neues\/schueler-aus-partnerstaedten-feiern-den-23-april\/\",\"url\":\"https:\/\/www.newlifecyprus.com\/de\/neues\/schueler-aus-partnerstaedten-feiern-den-23-april\/\",\"name\":\"Sch\u00fcler aus Partnerst\u00e4dten feiern den 23. April - Immobilien in Zypern\",\"isPartOf\":{\"@id\":\"https:\/\/www.newlifecyprus.com\/de\/#website\"},\"primaryImageOfPage\":{\"@id\":\"https:\/\/www.newlifecyprus.com\/de\/neues\/schueler-aus-partnerstaedten-feiern-den-23-april\/#primaryimage\"},\"image\":{\"@id\":\"https:\/\/www.newlifecyprus.com\/de\/neues\/schueler-aus-partnerstaedten-feiern-den-23-april\/#primaryimage\"},\"thumbnailUrl\":\"https:\/\/www.newlifecyprus.com\/wp-content\/uploads\/2012\/05\/23 Nisan.JPG\",\"datePublished\":\"2012-05-16T07:57:37+00:00\",\"breadcrumb\":{\"@id\":\"https:\/\/www.newlifecyprus.com\/de\/neues\/schueler-aus-partnerstaedten-feiern-den-23-april\/#breadcrumb\"},\"inLanguage\":\"de-DE\",\"potentialAction\":[{\"@type\":\"ReadAction\",\"target\":[\"https:\/\/www.newlifecyprus.com\/de\/neues\/schueler-aus-partnerstaedten-feiern-den-23-april\/\"]}]},{\"@type\":\"ImageObject\",\"inLanguage\":\"de-DE\",\"@id\":\"https:\/\/www.newlifecyprus.com\/de\/neues\/schueler-aus-partnerstaedten-feiern-den-23-april\/#primaryimage\",\"url\":\"https:\/\/www.newlifecyprus.com\/wp-content\/uploads\/2012\/05\/23 Nisan.JPG\",\"contentUrl\":\"https:\/\/www.newlifecyprus.com\/wp-content\/uploads\/2012\/05\/23 Nisan.JPG\",\"width\":400,\"height\":266,\"caption\":\"23 Nisan in Alanya\"},{\"@type\":\"BreadcrumbList\",\"@id\":\"https:\/\/www.newlifecyprus.com\/de\/neues\/schueler-aus-partnerstaedten-feiern-den-23-april\/#breadcrumb\",\"itemListElement\":[{\"@type\":\"ListItem\",\"position\":1,\"name\":\"Home\",\"item\":\"https:\/\/www.newlifecyprus.com\/de\/startseite\/\"},{\"@type\":\"ListItem\",\"position\":2,\"name\":\"Sch\u00fcler aus Partnerst\u00e4dten feiern den 23. April\"}]},{\"@type\":\"WebSite\",\"@id\":\"https:\/\/www.newlifecyprus.com\/de\/#website\",\"url\":\"https:\/\/www.newlifecyprus.com\/de\/\",\"name\":\"Properties in Cyprus\",\"description\":\"New Life Cyprus\",\"publisher\":{\"@id\":\"https:\/\/www.newlifecyprus.com\/de\/#organization\"},\"potentialAction\":[{\"@type\":\"SearchAction\",\"target\":{\"@type\":\"EntryPoint\",\"urlTemplate\":\"https:\/\/www.newlifecyprus.com\/de\/?s={search_term_string}\"},\"query-input\":{\"@type\":\"PropertyValueSpecification\",\"valueRequired\":true,\"valueName\":\"search_term_string\"}}],\"inLanguage\":\"de-DE\"},{\"@type\":\"Organization\",\"@id\":\"https:\/\/www.newlifecyprus.com\/de\/#organization\",\"name\":\"Properties in Cyprus\",\"url\":\"https:\/\/www.newlifecyprus.com\/de\/\",\"logo\":{\"@type\":\"ImageObject\",\"inLanguage\":\"de-DE\",\"@id\":\"https:\/\/www.newlifecyprus.com\/de\/#\/schema\/logo\/image\/\",\"url\":\"https:\/\/www.newlifecyprus.com\/wp-content\/uploads\/2022\/05\/logo-205.png\",\"contentUrl\":\"https:\/\/www.newlifecyprus.com\/wp-content\/uploads\/2022\/05\/logo-205.png\",\"width\":205,\"height\":46,\"caption\":\"Properties in Cyprus\"},\"image\":{\"@id\":\"https:\/\/www.newlifecyprus.com\/de\/#\/schema\/logo\/image\/\"},\"sameAs\":[\"https:\/\/www.facebook.com\/newlifeturkeyinalanya\/\",\"https:\/\/x.com\/NewLifeAlanya\"]},{\"@type\":\"Person\",\"@id\":\"https:\/\/www.newlifecyprus.com\/de\/#\/schema\/person\/5be5fa430d698f3cacddc6a8f0aeb1b5\",\"name\":\"ivonne\",\"image\":{\"@type\":\"ImageObject\",\"inLanguage\":\"de-DE\",\"@id\":\"https:\/\/www.newlifecyprus.com\/de\/#\/schema\/person\/image\/\",\"url\":\"https:\/\/secure.gravatar.com\/avatar\/a35e164491724918adfa04c96b11cb7b?s=96&d=mm&r=g\",\"contentUrl\":\"https:\/\/secure.gravatar.com\/avatar\/a35e164491724918adfa04c96b11cb7b?s=96&d=mm&r=g\",\"caption\":\"ivonne\"}}]}<\/script>\n<!-- \/ Yoast SEO plugin. -->","yoast_head_json":{"title":"Sch\u00fcler aus Partnerst\u00e4dten feiern den 23. April - Immobilien in Zypern","robots":{"index":"index","follow":"follow","max-snippet":"max-snippet:-1","max-image-preview":"max-image-preview:large","max-video-preview":"max-video-preview:-1"},"canonical":"https:\/\/www.newlifecyprus.com\/de\/neues\/schueler-aus-partnerstaedten-feiern-den-23-april\/","og_locale":"de_DE","og_type":"article","og_title":"Sch\u00fcler aus Partnerst\u00e4dten feiern den 23. April - Immobilien in Zypern","og_description":"Sch\u00fcler aus den Partnerst\u00e4dten in \u00d6sterreich, Finnland, Lettland, Polen und Litauen feierten den 23. April, Tag der Nationalen Souver\u00e4nit\u00e4t und Kinderfeiertag, gemeinsam mit den Sch\u00fclern aus Alanya. Sch\u00fclergruppen aus den Partnerst\u00e4dten in \u00d6sterreich, Finnland, Lettland, Polen und Litauen kamen nach Alanya, um gemeinsam an den Feierlichkeiten zum 23. April, dem Tag der Nationalen Souver\u00e4nit\u00e4t und Kinderfeiertag, teilzunehmen. Die Kranzniederlegung am Atat\u00fcrk Denkmal und die ...","og_url":"https:\/\/www.newlifecyprus.com\/de\/neues\/schueler-aus-partnerstaedten-feiern-den-23-april\/","og_site_name":"Immobilien in Zypern","article_publisher":"https:\/\/www.facebook.com\/newlifeturkeyinalanya\/","article_published_time":"2012-05-16T07:57:37+00:00","og_image":[{"width":400,"height":266,"url":"https:\/\/www.newlifecyprus.com\/wp-content\/uploads\/2012\/05\/23 Nisan.JPG","type":"image\/jpeg"}],"author":"ivonne","twitter_card":"summary_large_image","twitter_creator":"@NewLifeAlanya","twitter_site":"@NewLifeAlanya","twitter_misc":{"Verfasst von":"ivonne"},"schema":{"@context":"https:\/\/schema.org","@graph":[{"@type":"Article","@id":"https:\/\/www.newlifecyprus.com\/de\/neues\/schueler-aus-partnerstaedten-feiern-den-23-april\/#article","isPartOf":{"@id":"https:\/\/www.newlifecyprus.com\/de\/neues\/schueler-aus-partnerstaedten-feiern-den-23-april\/"},"author":{"name":"ivonne","@id":"https:\/\/www.newlifecyprus.com\/de\/#\/schema\/person\/5be5fa430d698f3cacddc6a8f0aeb1b5"},"headline":"Sch\u00fcler aus Partnerst\u00e4dten feiern den 23. April","datePublished":"2012-05-16T07:57:37+00:00","mainEntityOfPage":{"@id":"https:\/\/www.newlifecyprus.com\/de\/neues\/schueler-aus-partnerstaedten-feiern-den-23-april\/"},"wordCount":107,"commentCount":0,"publisher":{"@id":"https:\/\/www.newlifecyprus.com\/de\/#organization"},"image":{"@id":"https:\/\/www.newlifecyprus.com\/de\/neues\/schueler-aus-partnerstaedten-feiern-den-23-april\/#primaryimage"},"thumbnailUrl":"https:\/\/www.newlifecyprus.com\/wp-content\/uploads\/2012\/05\/23 Nisan.JPG","articleSection":["Neues"],"inLanguage":"de-DE"},{"@type":"WebPage","@id":"https:\/\/www.newlifecyprus.com\/de\/neues\/schueler-aus-partnerstaedten-feiern-den-23-april\/","url":"https:\/\/www.newlifecyprus.com\/de\/neues\/schueler-aus-partnerstaedten-feiern-den-23-april\/","name":"Sch\u00fcler aus Partnerst\u00e4dten feiern den 23. April - Immobilien in Zypern","isPartOf":{"@id":"https:\/\/www.newlifecyprus.com\/de\/#website"},"primaryImageOfPage":{"@id":"https:\/\/www.newlifecyprus.com\/de\/neues\/schueler-aus-partnerstaedten-feiern-den-23-april\/#primaryimage"},"image":{"@id":"https:\/\/www.newlifecyprus.com\/de\/neues\/schueler-aus-partnerstaedten-feiern-den-23-april\/#primaryimage"},"thumbnailUrl":"https:\/\/www.newlifecyprus.com\/wp-content\/uploads\/2012\/05\/23 Nisan.JPG","datePublished":"2012-05-16T07:57:37+00:00","breadcrumb":{"@id":"https:\/\/www.newlifecyprus.com\/de\/neues\/schueler-aus-partnerstaedten-feiern-den-23-april\/#breadcrumb"},"inLanguage":"de-DE","potentialAction":[{"@type":"ReadAction","target":["https:\/\/www.newlifecyprus.com\/de\/neues\/schueler-aus-partnerstaedten-feiern-den-23-april\/"]}]},{"@type":"ImageObject","inLanguage":"de-DE","@id":"https:\/\/www.newlifecyprus.com\/de\/neues\/schueler-aus-partnerstaedten-feiern-den-23-april\/#primaryimage","url":"https:\/\/www.newlifecyprus.com\/wp-content\/uploads\/2012\/05\/23 Nisan.JPG","contentUrl":"https:\/\/www.newlifecyprus.com\/wp-content\/uploads\/2012\/05\/23 Nisan.JPG","width":400,"height":266,"caption":"23 Nisan in Alanya"},{"@type":"BreadcrumbList","@id":"https:\/\/www.newlifecyprus.com\/de\/neues\/schueler-aus-partnerstaedten-feiern-den-23-april\/#breadcrumb","itemListElement":[{"@type":"ListItem","position":1,"name":"Home","item":"https:\/\/www.newlifecyprus.com\/de\/startseite\/"},{"@type":"ListItem","position":2,"name":"Sch\u00fcler aus Partnerst\u00e4dten feiern den 23. April"}]},{"@type":"WebSite","@id":"https:\/\/www.newlifecyprus.com\/de\/#website","url":"https:\/\/www.newlifecyprus.com\/de\/","name":"Properties in Cyprus","description":"New Life Cyprus","publisher":{"@id":"https:\/\/www.newlifecyprus.com\/de\/#organization"},"potentialAction":[{"@type":"SearchAction","target":{"@type":"EntryPoint","urlTemplate":"https:\/\/www.newlifecyprus.com\/de\/?s={search_term_string}"},"query-input":{"@type":"PropertyValueSpecification","valueRequired":true,"valueName":"search_term_string"}}],"inLanguage":"de-DE"},{"@type":"Organization","@id":"https:\/\/www.newlifecyprus.com\/de\/#organization","name":"Properties in Cyprus","url":"https:\/\/www.newlifecyprus.com\/de\/","logo":{"@type":"ImageObject","inLanguage":"de-DE","@id":"https:\/\/www.newlifecyprus.com\/de\/#\/schema\/logo\/image\/","url":"https:\/\/www.newlifecyprus.com\/wp-content\/uploads\/2022\/05\/logo-205.png","contentUrl":"https:\/\/www.newlifecyprus.com\/wp-content\/uploads\/2022\/05\/logo-205.png","width":205,"height":46,"caption":"Properties in Cyprus"},"image":{"@id":"https:\/\/www.newlifecyprus.com\/de\/#\/schema\/logo\/image\/"},"sameAs":["https:\/\/www.facebook.com\/newlifeturkeyinalanya\/","https:\/\/x.com\/NewLifeAlanya"]},{"@type":"Person","@id":"https:\/\/www.newlifecyprus.com\/de\/#\/schema\/person\/5be5fa430d698f3cacddc6a8f0aeb1b5","name":"ivonne","image":{"@type":"ImageObject","inLanguage":"de-DE","@id":"https:\/\/www.newlifecyprus.com\/de\/#\/schema\/person\/image\/","url":"https:\/\/secure.gravatar.com\/avatar\/a35e164491724918adfa04c96b11cb7b?s=96&d=mm&r=g","contentUrl":"https:\/\/secure.gravatar.com\/avatar\/a35e164491724918adfa04c96b11cb7b?s=96&d=mm&r=g","caption":"ivonne"}}]}},"_links":{"self":[{"href":"https:\/\/www.newlifecyprus.com\/de\/wp-json\/wp\/v2\/posts\/19992"}],"collection":[{"href":"https:\/\/www.newlifecyprus.com\/de\/wp-json\/wp\/v2\/posts"}],"about":[{"href":"https:\/\/www.newlifecyprus.com\/de\/wp-json\/wp\/v2\/types\/post"}],"author":[{"embeddable":true,"href":"https:\/\/www.newlifecyprus.com\/de\/wp-json\/wp\/v2\/users\/3"}],"replies":[{"embeddable":true,"href":"https:\/\/www.newlifecyprus.com\/de\/wp-json\/wp\/v2\/comments?post=19992"}],"version-history":[{"count":0,"href":"https:\/\/www.newlifecyprus.com\/de\/wp-json\/wp\/v2\/posts\/19992\/revisions"}],"wp:featuredmedia":[{"embeddable":true,"href":"https:\/\/www.newlifecyprus.com\/de\/wp-json\/wp\/v2\/media\/19986"}],"wp:attachment":[{"href":"https:\/\/www.newlifecyprus.com\/de\/wp-json\/wp\/v2\/media?parent=19992"}],"wp:term":[{"taxonomy":"category","embeddable":true,"href":"https:\/\/www.newlifecyprus.com\/de\/wp-json\/wp\/v2\/categories?post=19992"},{"taxonomy":"post_tag","embeddable":true,"href":"https:\/\/www.newlifecyprus.com\/de\/wp-json\/wp\/v2\/tags?post=19992"}],"curies":[{"name":"wp","href":"https:\/\/api.w.org\/{rel}","templated":true}]}}