{"id":20032,"date":"2012-05-16T08:26:24","date_gmt":"2012-05-16T08:26:24","guid":{"rendered":"http:\/\/new.newlifeturkey.com\/index.php\/2012\/05\/16\/internationales-kultur-und-tourismusfestival-alanya\/"},"modified":"2012-05-16T08:26:24","modified_gmt":"2012-05-16T08:26:24","slug":"internationales-kultur-und-tourismusfestival-alanya","status":"publish","type":"post","link":"https:\/\/www.newlifecyprus.com\/de\/neues\/internationales-kultur-und-tourismusfestival-alanya\/","title":{"rendered":"Internationales Kultur- und Tourismusfestival Alanya"},"content":{"rendered":"<p style=\"text-align: justify; \"> \t<span style=\"text-align: justify; \"><img decoding=\"async\" class=\" alignleft size-full wp-image-20026\" alt=\"alt\" src=\"http:\/\/new.newlifeturkey.com\/wp-content\/uploads\/2012\/05\/Tourismusfestival.jpg\" style=\"border-top-width: 1px; border-right-width: 1px; border-bottom-width: 1px; border-left-width: 1px; border-top-style: solid; border-right-style: solid; border-bottom-style: solid; border-left-style: solid; margin-left: 4px; margin-right: 4px; margin-top: 4px; margin-bottom: 4px; float: left; width: 175px; height: 200px; \" width=\"180\" height=\"266\" \/>Auch in diesem Jahr freuen wir uns auf das Internationale Kultur- und Tourismusfestival. Es findet in diesem Jahr vom 26. &#8211; 29.05.2012 statt. Hauptveranstaltungsort ist das Gel\u00e4nde rund um den Hafen und im Stadtteil Tophane.\u00a0 Wie in jedem Jahr werden Ausstellung und Vorf\u00fchrungen von Kunstgewerbe, Folklore und auch Konzerte stattfinden.<\/span><\/p>\n<p style=\"text-align: justify; \"> \t<strong>26 Mai 2012 Samstag<\/strong><\/p>\n<p style=\"text-align: justify; \"> \tKulturzentrum<\/p>\n<ul>\n<li style=\"text-align: justify; \"> \t\t15:30 Feierliche Er\u00f6ffnungszeremonie<\/li>\n<li style=\"text-align: justify; \"> \t\t17:15 Er\u00f6ffnung der Ausstellungsbereiche<\/li>\n<li style=\"text-align: justify; \"> \t\t18:00 Umzug zum Festivalgel\u00e4nde<\/li>\n<li style=\"text-align: justify; \"> \t\tEr\u00f6ffnung des Festgel\u00e4ndes vor dem Wasserfall am Hafen<\/li>\n<li style=\"text-align: justify; \"> \t\t18:45 \u201cDas Alanya-Schiff im Zeittunnel\u201d:\u00a0Er\u00f6ffnung der Ausstellun<\/li>\n<li style=\"text-align: justify; \"> \t\t19:00 Er\u00f6ffnung und Rundgang in der \u201cTalsi-Abteilung\u201d<\/li>\n<li style=\"text-align: justify; \"> \t\t19:05 Er\u00f6ffnung und Rundgang bei den Kunstgewerbest\u00e4nden in der Rihitm-Strasse (Discomeile)<\/li>\n<li style=\"text-align: justify; \"> \t\t19:10 Rundgang an den Kunsthandwerkst\u00e4nden auf dem Tophane-Festgel\u00e4nde\u00a0 (hinter dem Roten Turm)<\/li>\n<li style=\"text-align: justify; \"> \t\t19:15 Er\u00f6ffnung und Rundgang in der Abteilung &#8222;Traditionelle Gerichte und Mahlzeiten\u201d<\/li>\n<li style=\"text-align: justify; \"> \t\t19:20 Folklore- Animations- und Musikvorf\u00fchrungen<\/li>\n<li style=\"text-align: justify; \"> \t\t19:30 Ausstellungser\u00f6ffnungen:\u00a0Fotoausstellungen der Stadt Alanya<\/li>\n<li style=\"text-align: justify; \"> \t\t21:00 DJ DO\u011eUKAN MAN\u00c7O \/\u00a0 Konzert hinter der Stadtverwaltung<\/li>\n<li style=\"text-align: justify; \"> \t\t22:00 Konzert Ziynet Sali \u00a0\u00a0\u00a0\/\u00a0\u00a0 Konzert hinter der Stadtverwaltung<\/li>\n<\/ul>\n<p style=\"text-align: justify; \"> \t<strong>27.05. 2012 Sonntag<\/strong><\/p>\n<ul>\n<li style=\"text-align: justify; \"> \t\t14:00 Beginn<\/li>\n<li style=\"text-align: justify; \"> \t\tBilder, Fotos und Kunsthandwerk aus der T\u00fcrkei und Lettland<\/li>\n<li style=\"text-align: justify; \"> \t\t15:00 Vorf\u00fchrungen<\/li>\n<li style=\"text-align: justify; \"> \t\t19:30 XYLEM TRIO Lettische Musikvorf\u00fchrung \/ Kulturzentrum<\/li>\n<li style=\"text-align: justify; \"> \t\t21.00 DJ Haluk \/ Konzert hinter der Alanya Stadtverwaltung<\/li>\n<li style=\"text-align: justify; \"> \t\t22:00 G\u00f6kce \/ Konzert hinter der Alanya Stadtverwaltung<\/li>\n<\/ul>\n<p style=\"text-align: justify; \"> \t<strong>27.05.12 Sonntag; 28.05.12 Montag &#038; 29.05.12 Dienstag<\/strong><\/p>\n<p style=\"text-align: justify; \"> \tDie Ausstellungen am Hafen und in den genannten Ausstellungsr\u00e4umen sowie die Aktivit\u00e4ten in TOPHANE finden an allen Festivaltagen statt:<\/p>\n<ul>\n<li style=\"text-align: justify; \"> \t\tKunsthandwerkst\u00e4nde auf dem Tophane-Festgel\u00e4nde<\/li>\n<li style=\"text-align: justify; \"> \t\tFotoausstellungen der Stadt Alanya auf dem Festivalgel\u00e4nde am Hafen<\/li>\n<li style=\"text-align: justify; \"> \t\tAusstellung: Hamam-Kultur in Finnland, Lettland, Ungarn und der T\u00fcrkei, Roter Turm, Erdgeschoss<\/li>\n<li style=\"text-align: justify; \"> \t\tN\u0130LG\u00dcN OSMANA\u011eAO\u011eLU: Ausstellung Beleuchtung und Miniaturen, Hafen Kulturhaus neben der Hafenmeisterei<\/li>\n<li style=\"text-align: justify; \"> \t\tADRY DEEKENS \u2013 VAN GORP: \u201cTulpen aus Holland\u201d Bilderausstellung, Hafen Kulturhaus neben der Hafenmeisterei<\/li>\n<li style=\"text-align: justify; \"> \t\tYRD.DO\u00c7.AYLA AKSUNGUR: AY- KIZ Ausstellung, Galeriegew\u00f6lbe nahe der K\u0131z\u0131lkule Kulturverwaltung<\/li>\n<\/ul>\n<p style=\"text-align: justify; \"> \t<strong>28.05.12 Montag<\/strong><\/p>\n<ul>\n<li style=\"text-align: justify; \"> \t\t21:00 XYLEM TRIO Lettische Musikvorf\u00fchrung auf dem Platz zwischen Rotem Turm und Harbour Restaurant\u00a0<\/li>\n<li style=\"text-align: justify; \"> \t\t22:30 \u00dcM\u0130T BESEN \/ Konzert hinter Alanya Stadtverwaltung<\/li>\n<\/ul>\n<p style=\"text-align: justify; \"> \t<strong>29.05.12 Dienstag<\/strong><\/p>\n<ul>\n<li style=\"text-align: justify; \"> \t\t21:00 \u201cSEMA MOR\u0130TZ\u201d Konzert auf dem Platz zwischen Rotem Turm und Harbour Restaurant\u00a0<\/li>\n<li style=\"text-align: justify; \"> \t\t22:30 \u201cKUBAT\u201d Konzert hinter der Alanya Stadtverwaltung<\/li>\n<\/ul>\n<p style=\"text-align: justify; \"> \t\u00a0<\/p>\n","protected":false},"excerpt":{"rendered":"<p>Auch in diesem Jahr freuen wir uns auf das Internationale Kultur- und Tourismusfestival. Es findet in diesem Jahr vom 26. &#8211; 29.05.2012 statt. Hauptveranstaltungsort ist das Gel\u00e4nde rund um den Hafen und im Stadtteil Tophane.\u00a0 Wie in jedem Jahr werden Ausstellung und Vorf\u00fchrungen von Kunstgewerbe, Folklore und auch Konzerte stattfinden. 26 Mai 2012 Samstag Kulturzentrum 15:30 Feierliche Er\u00f6ffnungszeremonie 17:15 Er\u00f6ffnung der Ausstellungsbereiche 18:00 Umzug &#8230;<\/p>\n","protected":false},"author":3,"featured_media":20020,"comment_status":"open","ping_status":"open","sticky":false,"template":"","format":"standard","meta":{"footnotes":""},"categories":[74],"tags":[],"class_list":["post-20032","post","type-post","status-publish","format-standard","has-post-thumbnail","hentry","category-neues"],"yoast_head":"<!-- This site is optimized with the Yoast SEO plugin v25.3 - https:\/\/yoast.com\/wordpress\/plugins\/seo\/ -->\n<title>Internationales Kultur- und Tourismusfestival Alanya - Immobilien in Zypern<\/title>\n<meta name=\"robots\" content=\"index, follow, max-snippet:-1, max-image-preview:large, max-video-preview:-1\" \/>\n<link rel=\"canonical\" href=\"https:\/\/www.newlifecyprus.com\/de\/neues\/internationales-kultur-und-tourismusfestival-alanya\/\" \/>\n<meta property=\"og:locale\" content=\"de_DE\" \/>\n<meta property=\"og:type\" content=\"article\" \/>\n<meta property=\"og:title\" content=\"Internationales Kultur- und Tourismusfestival Alanya - Immobilien in Zypern\" \/>\n<meta property=\"og:description\" content=\"Auch in diesem Jahr freuen wir uns auf das Internationale Kultur- und Tourismusfestival. Es findet in diesem Jahr vom 26. &#8211; 29.05.2012 statt. Hauptveranstaltungsort ist das Gel\u00e4nde rund um den Hafen und im Stadtteil Tophane.\u00a0 Wie in jedem Jahr werden Ausstellung und Vorf\u00fchrungen von Kunstgewerbe, Folklore und auch Konzerte stattfinden. 26 Mai 2012 Samstag Kulturzentrum 15:30 Feierliche Er\u00f6ffnungszeremonie 17:15 Er\u00f6ffnung der Ausstellungsbereiche 18:00 Umzug ...\" \/>\n<meta property=\"og:url\" content=\"https:\/\/www.newlifecyprus.com\/de\/neues\/internationales-kultur-und-tourismusfestival-alanya\/\" \/>\n<meta property=\"og:site_name\" content=\"Immobilien in Zypern\" \/>\n<meta property=\"article:publisher\" content=\"https:\/\/www.facebook.com\/newlifeturkeyinalanya\/\" \/>\n<meta property=\"article:published_time\" content=\"2012-05-16T08:26:24+00:00\" \/>\n<meta property=\"og:image\" content=\"https:\/\/www.newlifecyprus.com\/wp-content\/uploads\/2012\/05\/Tourismusfestival.jpg\" \/>\n\t<meta property=\"og:image:width\" content=\"180\" \/>\n\t<meta property=\"og:image:height\" content=\"266\" \/>\n\t<meta property=\"og:image:type\" content=\"image\/jpeg\" \/>\n<meta name=\"author\" content=\"ivonne\" \/>\n<meta name=\"twitter:card\" content=\"summary_large_image\" \/>\n<meta name=\"twitter:creator\" content=\"@NewLifeAlanya\" \/>\n<meta name=\"twitter:site\" content=\"@NewLifeAlanya\" \/>\n<meta name=\"twitter:label1\" content=\"Verfasst von\" \/>\n\t<meta name=\"twitter:data1\" content=\"ivonne\" \/>\n\t<meta name=\"twitter:label2\" content=\"Gesch\u00e4tzte Lesezeit\" \/>\n\t<meta name=\"twitter:data2\" content=\"2 Minuten\" \/>\n<script type=\"application\/ld+json\" class=\"yoast-schema-graph\">{\"@context\":\"https:\/\/schema.org\",\"@graph\":[{\"@type\":\"Article\",\"@id\":\"https:\/\/www.newlifecyprus.com\/de\/neues\/internationales-kultur-und-tourismusfestival-alanya\/#article\",\"isPartOf\":{\"@id\":\"https:\/\/www.newlifecyprus.com\/de\/neues\/internationales-kultur-und-tourismusfestival-alanya\/\"},\"author\":{\"name\":\"ivonne\",\"@id\":\"https:\/\/www.newlifecyprus.com\/de\/#\/schema\/person\/5be5fa430d698f3cacddc6a8f0aeb1b5\"},\"headline\":\"Internationales Kultur- und Tourismusfestival Alanya\",\"datePublished\":\"2012-05-16T08:26:24+00:00\",\"mainEntityOfPage\":{\"@id\":\"https:\/\/www.newlifecyprus.com\/de\/neues\/internationales-kultur-und-tourismusfestival-alanya\/\"},\"wordCount\":329,\"commentCount\":0,\"publisher\":{\"@id\":\"https:\/\/www.newlifecyprus.com\/de\/#organization\"},\"image\":{\"@id\":\"https:\/\/www.newlifecyprus.com\/de\/neues\/internationales-kultur-und-tourismusfestival-alanya\/#primaryimage\"},\"thumbnailUrl\":\"https:\/\/www.newlifecyprus.com\/wp-content\/uploads\/2012\/05\/Tourismusfestival.jpg\",\"articleSection\":[\"Neues\"],\"inLanguage\":\"de-DE\"},{\"@type\":\"WebPage\",\"@id\":\"https:\/\/www.newlifecyprus.com\/de\/neues\/internationales-kultur-und-tourismusfestival-alanya\/\",\"url\":\"https:\/\/www.newlifecyprus.com\/de\/neues\/internationales-kultur-und-tourismusfestival-alanya\/\",\"name\":\"Internationales Kultur- und Tourismusfestival Alanya - Immobilien in Zypern\",\"isPartOf\":{\"@id\":\"https:\/\/www.newlifecyprus.com\/de\/#website\"},\"primaryImageOfPage\":{\"@id\":\"https:\/\/www.newlifecyprus.com\/de\/neues\/internationales-kultur-und-tourismusfestival-alanya\/#primaryimage\"},\"image\":{\"@id\":\"https:\/\/www.newlifecyprus.com\/de\/neues\/internationales-kultur-und-tourismusfestival-alanya\/#primaryimage\"},\"thumbnailUrl\":\"https:\/\/www.newlifecyprus.com\/wp-content\/uploads\/2012\/05\/Tourismusfestival.jpg\",\"datePublished\":\"2012-05-16T08:26:24+00:00\",\"breadcrumb\":{\"@id\":\"https:\/\/www.newlifecyprus.com\/de\/neues\/internationales-kultur-und-tourismusfestival-alanya\/#breadcrumb\"},\"inLanguage\":\"de-DE\",\"potentialAction\":[{\"@type\":\"ReadAction\",\"target\":[\"https:\/\/www.newlifecyprus.com\/de\/neues\/internationales-kultur-und-tourismusfestival-alanya\/\"]}]},{\"@type\":\"ImageObject\",\"inLanguage\":\"de-DE\",\"@id\":\"https:\/\/www.newlifecyprus.com\/de\/neues\/internationales-kultur-und-tourismusfestival-alanya\/#primaryimage\",\"url\":\"https:\/\/www.newlifecyprus.com\/wp-content\/uploads\/2012\/05\/Tourismusfestival.jpg\",\"contentUrl\":\"https:\/\/www.newlifecyprus.com\/wp-content\/uploads\/2012\/05\/Tourismusfestival.jpg\",\"width\":180,\"height\":266,\"caption\":\"alt\"},{\"@type\":\"BreadcrumbList\",\"@id\":\"https:\/\/www.newlifecyprus.com\/de\/neues\/internationales-kultur-und-tourismusfestival-alanya\/#breadcrumb\",\"itemListElement\":[{\"@type\":\"ListItem\",\"position\":1,\"name\":\"Home\",\"item\":\"https:\/\/www.newlifecyprus.com\/de\/startseite\/\"},{\"@type\":\"ListItem\",\"position\":2,\"name\":\"Internationales Kultur- und Tourismusfestival Alanya\"}]},{\"@type\":\"WebSite\",\"@id\":\"https:\/\/www.newlifecyprus.com\/de\/#website\",\"url\":\"https:\/\/www.newlifecyprus.com\/de\/\",\"name\":\"Properties in Cyprus\",\"description\":\"New Life Cyprus\",\"publisher\":{\"@id\":\"https:\/\/www.newlifecyprus.com\/de\/#organization\"},\"potentialAction\":[{\"@type\":\"SearchAction\",\"target\":{\"@type\":\"EntryPoint\",\"urlTemplate\":\"https:\/\/www.newlifecyprus.com\/de\/?s={search_term_string}\"},\"query-input\":{\"@type\":\"PropertyValueSpecification\",\"valueRequired\":true,\"valueName\":\"search_term_string\"}}],\"inLanguage\":\"de-DE\"},{\"@type\":\"Organization\",\"@id\":\"https:\/\/www.newlifecyprus.com\/de\/#organization\",\"name\":\"Properties in Cyprus\",\"url\":\"https:\/\/www.newlifecyprus.com\/de\/\",\"logo\":{\"@type\":\"ImageObject\",\"inLanguage\":\"de-DE\",\"@id\":\"https:\/\/www.newlifecyprus.com\/de\/#\/schema\/logo\/image\/\",\"url\":\"https:\/\/www.newlifecyprus.com\/wp-content\/uploads\/2022\/05\/logo-205.png\",\"contentUrl\":\"https:\/\/www.newlifecyprus.com\/wp-content\/uploads\/2022\/05\/logo-205.png\",\"width\":205,\"height\":46,\"caption\":\"Properties in Cyprus\"},\"image\":{\"@id\":\"https:\/\/www.newlifecyprus.com\/de\/#\/schema\/logo\/image\/\"},\"sameAs\":[\"https:\/\/www.facebook.com\/newlifeturkeyinalanya\/\",\"https:\/\/x.com\/NewLifeAlanya\"]},{\"@type\":\"Person\",\"@id\":\"https:\/\/www.newlifecyprus.com\/de\/#\/schema\/person\/5be5fa430d698f3cacddc6a8f0aeb1b5\",\"name\":\"ivonne\",\"image\":{\"@type\":\"ImageObject\",\"inLanguage\":\"de-DE\",\"@id\":\"https:\/\/www.newlifecyprus.com\/de\/#\/schema\/person\/image\/\",\"url\":\"https:\/\/secure.gravatar.com\/avatar\/a35e164491724918adfa04c96b11cb7b?s=96&d=mm&r=g\",\"contentUrl\":\"https:\/\/secure.gravatar.com\/avatar\/a35e164491724918adfa04c96b11cb7b?s=96&d=mm&r=g\",\"caption\":\"ivonne\"}}]}<\/script>\n<!-- \/ Yoast SEO plugin. -->","yoast_head_json":{"title":"Internationales Kultur- und Tourismusfestival Alanya - Immobilien in Zypern","robots":{"index":"index","follow":"follow","max-snippet":"max-snippet:-1","max-image-preview":"max-image-preview:large","max-video-preview":"max-video-preview:-1"},"canonical":"https:\/\/www.newlifecyprus.com\/de\/neues\/internationales-kultur-und-tourismusfestival-alanya\/","og_locale":"de_DE","og_type":"article","og_title":"Internationales Kultur- und Tourismusfestival Alanya - Immobilien in Zypern","og_description":"Auch in diesem Jahr freuen wir uns auf das Internationale Kultur- und Tourismusfestival. Es findet in diesem Jahr vom 26. &#8211; 29.05.2012 statt. Hauptveranstaltungsort ist das Gel\u00e4nde rund um den Hafen und im Stadtteil Tophane.\u00a0 Wie in jedem Jahr werden Ausstellung und Vorf\u00fchrungen von Kunstgewerbe, Folklore und auch Konzerte stattfinden. 26 Mai 2012 Samstag Kulturzentrum 15:30 Feierliche Er\u00f6ffnungszeremonie 17:15 Er\u00f6ffnung der Ausstellungsbereiche 18:00 Umzug ...","og_url":"https:\/\/www.newlifecyprus.com\/de\/neues\/internationales-kultur-und-tourismusfestival-alanya\/","og_site_name":"Immobilien in Zypern","article_publisher":"https:\/\/www.facebook.com\/newlifeturkeyinalanya\/","article_published_time":"2012-05-16T08:26:24+00:00","og_image":[{"width":180,"height":266,"url":"https:\/\/www.newlifecyprus.com\/wp-content\/uploads\/2012\/05\/Tourismusfestival.jpg","type":"image\/jpeg"}],"author":"ivonne","twitter_card":"summary_large_image","twitter_creator":"@NewLifeAlanya","twitter_site":"@NewLifeAlanya","twitter_misc":{"Verfasst von":"ivonne","Gesch\u00e4tzte Lesezeit":"2 Minuten"},"schema":{"@context":"https:\/\/schema.org","@graph":[{"@type":"Article","@id":"https:\/\/www.newlifecyprus.com\/de\/neues\/internationales-kultur-und-tourismusfestival-alanya\/#article","isPartOf":{"@id":"https:\/\/www.newlifecyprus.com\/de\/neues\/internationales-kultur-und-tourismusfestival-alanya\/"},"author":{"name":"ivonne","@id":"https:\/\/www.newlifecyprus.com\/de\/#\/schema\/person\/5be5fa430d698f3cacddc6a8f0aeb1b5"},"headline":"Internationales Kultur- und Tourismusfestival Alanya","datePublished":"2012-05-16T08:26:24+00:00","mainEntityOfPage":{"@id":"https:\/\/www.newlifecyprus.com\/de\/neues\/internationales-kultur-und-tourismusfestival-alanya\/"},"wordCount":329,"commentCount":0,"publisher":{"@id":"https:\/\/www.newlifecyprus.com\/de\/#organization"},"image":{"@id":"https:\/\/www.newlifecyprus.com\/de\/neues\/internationales-kultur-und-tourismusfestival-alanya\/#primaryimage"},"thumbnailUrl":"https:\/\/www.newlifecyprus.com\/wp-content\/uploads\/2012\/05\/Tourismusfestival.jpg","articleSection":["Neues"],"inLanguage":"de-DE"},{"@type":"WebPage","@id":"https:\/\/www.newlifecyprus.com\/de\/neues\/internationales-kultur-und-tourismusfestival-alanya\/","url":"https:\/\/www.newlifecyprus.com\/de\/neues\/internationales-kultur-und-tourismusfestival-alanya\/","name":"Internationales Kultur- und Tourismusfestival Alanya - Immobilien in Zypern","isPartOf":{"@id":"https:\/\/www.newlifecyprus.com\/de\/#website"},"primaryImageOfPage":{"@id":"https:\/\/www.newlifecyprus.com\/de\/neues\/internationales-kultur-und-tourismusfestival-alanya\/#primaryimage"},"image":{"@id":"https:\/\/www.newlifecyprus.com\/de\/neues\/internationales-kultur-und-tourismusfestival-alanya\/#primaryimage"},"thumbnailUrl":"https:\/\/www.newlifecyprus.com\/wp-content\/uploads\/2012\/05\/Tourismusfestival.jpg","datePublished":"2012-05-16T08:26:24+00:00","breadcrumb":{"@id":"https:\/\/www.newlifecyprus.com\/de\/neues\/internationales-kultur-und-tourismusfestival-alanya\/#breadcrumb"},"inLanguage":"de-DE","potentialAction":[{"@type":"ReadAction","target":["https:\/\/www.newlifecyprus.com\/de\/neues\/internationales-kultur-und-tourismusfestival-alanya\/"]}]},{"@type":"ImageObject","inLanguage":"de-DE","@id":"https:\/\/www.newlifecyprus.com\/de\/neues\/internationales-kultur-und-tourismusfestival-alanya\/#primaryimage","url":"https:\/\/www.newlifecyprus.com\/wp-content\/uploads\/2012\/05\/Tourismusfestival.jpg","contentUrl":"https:\/\/www.newlifecyprus.com\/wp-content\/uploads\/2012\/05\/Tourismusfestival.jpg","width":180,"height":266,"caption":"alt"},{"@type":"BreadcrumbList","@id":"https:\/\/www.newlifecyprus.com\/de\/neues\/internationales-kultur-und-tourismusfestival-alanya\/#breadcrumb","itemListElement":[{"@type":"ListItem","position":1,"name":"Home","item":"https:\/\/www.newlifecyprus.com\/de\/startseite\/"},{"@type":"ListItem","position":2,"name":"Internationales Kultur- und Tourismusfestival Alanya"}]},{"@type":"WebSite","@id":"https:\/\/www.newlifecyprus.com\/de\/#website","url":"https:\/\/www.newlifecyprus.com\/de\/","name":"Properties in Cyprus","description":"New Life Cyprus","publisher":{"@id":"https:\/\/www.newlifecyprus.com\/de\/#organization"},"potentialAction":[{"@type":"SearchAction","target":{"@type":"EntryPoint","urlTemplate":"https:\/\/www.newlifecyprus.com\/de\/?s={search_term_string}"},"query-input":{"@type":"PropertyValueSpecification","valueRequired":true,"valueName":"search_term_string"}}],"inLanguage":"de-DE"},{"@type":"Organization","@id":"https:\/\/www.newlifecyprus.com\/de\/#organization","name":"Properties in Cyprus","url":"https:\/\/www.newlifecyprus.com\/de\/","logo":{"@type":"ImageObject","inLanguage":"de-DE","@id":"https:\/\/www.newlifecyprus.com\/de\/#\/schema\/logo\/image\/","url":"https:\/\/www.newlifecyprus.com\/wp-content\/uploads\/2022\/05\/logo-205.png","contentUrl":"https:\/\/www.newlifecyprus.com\/wp-content\/uploads\/2022\/05\/logo-205.png","width":205,"height":46,"caption":"Properties in Cyprus"},"image":{"@id":"https:\/\/www.newlifecyprus.com\/de\/#\/schema\/logo\/image\/"},"sameAs":["https:\/\/www.facebook.com\/newlifeturkeyinalanya\/","https:\/\/x.com\/NewLifeAlanya"]},{"@type":"Person","@id":"https:\/\/www.newlifecyprus.com\/de\/#\/schema\/person\/5be5fa430d698f3cacddc6a8f0aeb1b5","name":"ivonne","image":{"@type":"ImageObject","inLanguage":"de-DE","@id":"https:\/\/www.newlifecyprus.com\/de\/#\/schema\/person\/image\/","url":"https:\/\/secure.gravatar.com\/avatar\/a35e164491724918adfa04c96b11cb7b?s=96&d=mm&r=g","contentUrl":"https:\/\/secure.gravatar.com\/avatar\/a35e164491724918adfa04c96b11cb7b?s=96&d=mm&r=g","caption":"ivonne"}}]}},"_links":{"self":[{"href":"https:\/\/www.newlifecyprus.com\/de\/wp-json\/wp\/v2\/posts\/20032"}],"collection":[{"href":"https:\/\/www.newlifecyprus.com\/de\/wp-json\/wp\/v2\/posts"}],"about":[{"href":"https:\/\/www.newlifecyprus.com\/de\/wp-json\/wp\/v2\/types\/post"}],"author":[{"embeddable":true,"href":"https:\/\/www.newlifecyprus.com\/de\/wp-json\/wp\/v2\/users\/3"}],"replies":[{"embeddable":true,"href":"https:\/\/www.newlifecyprus.com\/de\/wp-json\/wp\/v2\/comments?post=20032"}],"version-history":[{"count":0,"href":"https:\/\/www.newlifecyprus.com\/de\/wp-json\/wp\/v2\/posts\/20032\/revisions"}],"wp:featuredmedia":[{"embeddable":true,"href":"https:\/\/www.newlifecyprus.com\/de\/wp-json\/wp\/v2\/media\/20020"}],"wp:attachment":[{"href":"https:\/\/www.newlifecyprus.com\/de\/wp-json\/wp\/v2\/media?parent=20032"}],"wp:term":[{"taxonomy":"category","embeddable":true,"href":"https:\/\/www.newlifecyprus.com\/de\/wp-json\/wp\/v2\/categories?post=20032"},{"taxonomy":"post_tag","embeddable":true,"href":"https:\/\/www.newlifecyprus.com\/de\/wp-json\/wp\/v2\/tags?post=20032"}],"curies":[{"name":"wp","href":"https:\/\/api.w.org\/{rel}","templated":true}]}}