{"id":20509,"date":"2012-09-15T09:56:48","date_gmt":"2012-09-15T09:56:48","guid":{"rendered":"http:\/\/new.newlifeturkey.com\/index.php\/2012\/09\/15\/koerperwelten-ausstellung-in-ankara\/"},"modified":"2012-09-15T09:56:48","modified_gmt":"2012-09-15T09:56:48","slug":"koerperwelten-ausstellung-in-ankara","status":"publish","type":"post","link":"https:\/\/www.newlifecyprus.com\/de\/neues\/koerperwelten-ausstellung-in-ankara\/","title":{"rendered":"\u201eK\u00f6rperwelten\u201c Ausstellung in Ankara"},"content":{"rendered":"<p style=\"text-align: justify; \"> \t<img fetchpriority=\"high\" decoding=\"async\" class=\" alignleft size-full wp-image-20503\" alt=\"alt\" src=\"http:\/\/new.newlifeturkey.com\/wp-content\/uploads\/2012\/09\/krperwelten.png\" style=\"width: 150px; height: 175px; border-width: 1px; border-style: solid; margin: 4px; float: left; \" width=\"287\" height=\"405\" srcset=\"https:\/\/www.newlifecyprus.com\/wp-content\/uploads\/2012\/09\/krperwelten.png 287w, https:\/\/www.newlifecyprus.com\/wp-content\/uploads\/2012\/09\/krperwelten-213x300.png 213w\" sizes=\"(max-width: 287px) 100vw, 287px\" \/>Die bekannte aber auch sehr umstrittene Ausstellung \u201eK\u00f6rperwelten: Der Zyklus des Lebens\u201c wird ab dem 7. September in Ankara zu sehen sein. Mit Unterst\u00fctzung der Universit\u00e4t von Ankara wird sie jetzt im Einkaufszentrum Kentpark aufgebaut.<\/p>\n<p style=\"text-align: justify; \"> \tDie erste t\u00fcrkische Ausstellung von \u201eK\u00f6rperwelten: Der Zyklus des Lebens\u201c gab es bereits 2010 in Istanbul. Mehr als 400.000 Besucherinnen und Besucher hatten diese besucht. Unter den Besuchern waren Sch\u00fcler und Studenten aus dem gesamten Land so wie hochrangige Offizielle wie Pr\u00e4sident Abdullah G\u00fcl.<\/p>\n<p style=\"text-align: justify; \"> \tLaut Kuratorin Dr. Angelina Whalley befasst sich die Ausstellung mit \u201edem Kreislauf von Entstehen und Vergehen \u2013 wie sich der K\u00f6rper ver\u00e4ndert, wie er w\u00e4chst, reift, den H\u00f6hepunkt erreicht und schlie\u00dflich schw\u00e4cher wird. Die einzelnen Stationen der Entwicklung des K\u00f6rpers sowie seine Ver\u00e4nderung im Lauf der Zeit \u2013 beginnend bei der Zeugung bis ins hohe Alter \u2013 werden anschaulich dargestellt.\u201c<\/p>\n<p style=\"text-align: justify; \"> \tDer Mediziner und Wissenschaftler Dr. Gunther von Hagnes entwickelte das Verfahren der Plastination bereits 1977. Durch den Entzug von Fl\u00fcssigkeiten und Fetten des K\u00f6rpers und das Ersetzen dieser durch Kunststoffe gelang es ihm anatomische Pr\u00e4parate f\u00fcr die wissenschaftliche und medizinische Ausbildung herzustellen.<\/p>\n<p> \t\u00a0<\/p>\n","protected":false},"excerpt":{"rendered":"<p>Die bekannte aber auch sehr umstrittene Ausstellung \u201eK\u00f6rperwelten: Der Zyklus des Lebens\u201c wird ab dem 7. September in Ankara zu sehen sein. Mit Unterst\u00fctzung der Universit\u00e4t von Ankara wird sie jetzt im Einkaufszentrum Kentpark aufgebaut. Die erste t\u00fcrkische Ausstellung von \u201eK\u00f6rperwelten: Der Zyklus des Lebens\u201c gab es bereits 2010 in Istanbul. Mehr als 400.000 Besucherinnen und Besucher hatten diese besucht. Unter den Besuchern waren &#8230;<\/p>\n","protected":false},"author":3,"featured_media":20497,"comment_status":"open","ping_status":"open","sticky":false,"template":"","format":"standard","meta":{"footnotes":""},"categories":[74],"tags":[],"class_list":["post-20509","post","type-post","status-publish","format-standard","has-post-thumbnail","hentry","category-neues"],"yoast_head":"<!-- This site is optimized with the Yoast SEO plugin v25.3 - https:\/\/yoast.com\/wordpress\/plugins\/seo\/ -->\n<title>\u201eK\u00f6rperwelten\u201c Ausstellung in Ankara - Immobilien in Zypern<\/title>\n<meta name=\"robots\" content=\"index, follow, max-snippet:-1, max-image-preview:large, max-video-preview:-1\" \/>\n<link rel=\"canonical\" href=\"https:\/\/www.newlifecyprus.com\/de\/neues\/koerperwelten-ausstellung-in-ankara\/\" \/>\n<meta property=\"og:locale\" content=\"de_DE\" \/>\n<meta property=\"og:type\" content=\"article\" \/>\n<meta property=\"og:title\" content=\"\u201eK\u00f6rperwelten\u201c Ausstellung in Ankara - Immobilien in Zypern\" \/>\n<meta property=\"og:description\" content=\"Die bekannte aber auch sehr umstrittene Ausstellung \u201eK\u00f6rperwelten: Der Zyklus des Lebens\u201c wird ab dem 7. September in Ankara zu sehen sein. Mit Unterst\u00fctzung der Universit\u00e4t von Ankara wird sie jetzt im Einkaufszentrum Kentpark aufgebaut. Die erste t\u00fcrkische Ausstellung von \u201eK\u00f6rperwelten: Der Zyklus des Lebens\u201c gab es bereits 2010 in Istanbul. Mehr als 400.000 Besucherinnen und Besucher hatten diese besucht. Unter den Besuchern waren ...\" \/>\n<meta property=\"og:url\" content=\"https:\/\/www.newlifecyprus.com\/de\/neues\/koerperwelten-ausstellung-in-ankara\/\" \/>\n<meta property=\"og:site_name\" content=\"Immobilien in Zypern\" \/>\n<meta property=\"article:publisher\" content=\"https:\/\/www.facebook.com\/newlifeturkeyinalanya\/\" \/>\n<meta property=\"article:published_time\" content=\"2012-09-15T09:56:48+00:00\" \/>\n<meta property=\"og:image\" content=\"https:\/\/www.newlifecyprus.com\/wp-content\/uploads\/2012\/09\/krperwelten.png\" \/>\n\t<meta property=\"og:image:width\" content=\"287\" \/>\n\t<meta property=\"og:image:height\" content=\"405\" \/>\n\t<meta property=\"og:image:type\" content=\"image\/png\" \/>\n<meta name=\"author\" content=\"ivonne\" \/>\n<meta name=\"twitter:card\" content=\"summary_large_image\" \/>\n<meta name=\"twitter:creator\" content=\"@NewLifeAlanya\" \/>\n<meta name=\"twitter:site\" content=\"@NewLifeAlanya\" \/>\n<meta name=\"twitter:label1\" content=\"Verfasst von\" \/>\n\t<meta name=\"twitter:data1\" content=\"ivonne\" \/>\n\t<meta name=\"twitter:label2\" content=\"Gesch\u00e4tzte Lesezeit\" \/>\n\t<meta name=\"twitter:data2\" content=\"1 Minute\" \/>\n<script type=\"application\/ld+json\" class=\"yoast-schema-graph\">{\"@context\":\"https:\/\/schema.org\",\"@graph\":[{\"@type\":\"Article\",\"@id\":\"https:\/\/www.newlifecyprus.com\/de\/neues\/koerperwelten-ausstellung-in-ankara\/#article\",\"isPartOf\":{\"@id\":\"https:\/\/www.newlifecyprus.com\/de\/neues\/koerperwelten-ausstellung-in-ankara\/\"},\"author\":{\"name\":\"ivonne\",\"@id\":\"https:\/\/www.newlifecyprus.com\/de\/#\/schema\/person\/5be5fa430d698f3cacddc6a8f0aeb1b5\"},\"headline\":\"\u201eK\u00f6rperwelten\u201c Ausstellung in Ankara\",\"datePublished\":\"2012-09-15T09:56:48+00:00\",\"mainEntityOfPage\":{\"@id\":\"https:\/\/www.newlifecyprus.com\/de\/neues\/koerperwelten-ausstellung-in-ankara\/\"},\"wordCount\":199,\"commentCount\":0,\"publisher\":{\"@id\":\"https:\/\/www.newlifecyprus.com\/de\/#organization\"},\"image\":{\"@id\":\"https:\/\/www.newlifecyprus.com\/de\/neues\/koerperwelten-ausstellung-in-ankara\/#primaryimage\"},\"thumbnailUrl\":\"https:\/\/www.newlifecyprus.com\/wp-content\/uploads\/2012\/09\/krperwelten.png\",\"articleSection\":[\"Neues\"],\"inLanguage\":\"de-DE\"},{\"@type\":\"WebPage\",\"@id\":\"https:\/\/www.newlifecyprus.com\/de\/neues\/koerperwelten-ausstellung-in-ankara\/\",\"url\":\"https:\/\/www.newlifecyprus.com\/de\/neues\/koerperwelten-ausstellung-in-ankara\/\",\"name\":\"\u201eK\u00f6rperwelten\u201c Ausstellung in Ankara - Immobilien in Zypern\",\"isPartOf\":{\"@id\":\"https:\/\/www.newlifecyprus.com\/de\/#website\"},\"primaryImageOfPage\":{\"@id\":\"https:\/\/www.newlifecyprus.com\/de\/neues\/koerperwelten-ausstellung-in-ankara\/#primaryimage\"},\"image\":{\"@id\":\"https:\/\/www.newlifecyprus.com\/de\/neues\/koerperwelten-ausstellung-in-ankara\/#primaryimage\"},\"thumbnailUrl\":\"https:\/\/www.newlifecyprus.com\/wp-content\/uploads\/2012\/09\/krperwelten.png\",\"datePublished\":\"2012-09-15T09:56:48+00:00\",\"breadcrumb\":{\"@id\":\"https:\/\/www.newlifecyprus.com\/de\/neues\/koerperwelten-ausstellung-in-ankara\/#breadcrumb\"},\"inLanguage\":\"de-DE\",\"potentialAction\":[{\"@type\":\"ReadAction\",\"target\":[\"https:\/\/www.newlifecyprus.com\/de\/neues\/koerperwelten-ausstellung-in-ankara\/\"]}]},{\"@type\":\"ImageObject\",\"inLanguage\":\"de-DE\",\"@id\":\"https:\/\/www.newlifecyprus.com\/de\/neues\/koerperwelten-ausstellung-in-ankara\/#primaryimage\",\"url\":\"https:\/\/www.newlifecyprus.com\/wp-content\/uploads\/2012\/09\/krperwelten.png\",\"contentUrl\":\"https:\/\/www.newlifecyprus.com\/wp-content\/uploads\/2012\/09\/krperwelten.png\",\"width\":287,\"height\":405,\"caption\":\"alt\"},{\"@type\":\"BreadcrumbList\",\"@id\":\"https:\/\/www.newlifecyprus.com\/de\/neues\/koerperwelten-ausstellung-in-ankara\/#breadcrumb\",\"itemListElement\":[{\"@type\":\"ListItem\",\"position\":1,\"name\":\"Home\",\"item\":\"https:\/\/www.newlifecyprus.com\/de\/startseite\/\"},{\"@type\":\"ListItem\",\"position\":2,\"name\":\"\u201eK\u00f6rperwelten\u201c Ausstellung in Ankara\"}]},{\"@type\":\"WebSite\",\"@id\":\"https:\/\/www.newlifecyprus.com\/de\/#website\",\"url\":\"https:\/\/www.newlifecyprus.com\/de\/\",\"name\":\"Properties in Cyprus\",\"description\":\"New Life Cyprus\",\"publisher\":{\"@id\":\"https:\/\/www.newlifecyprus.com\/de\/#organization\"},\"potentialAction\":[{\"@type\":\"SearchAction\",\"target\":{\"@type\":\"EntryPoint\",\"urlTemplate\":\"https:\/\/www.newlifecyprus.com\/de\/?s={search_term_string}\"},\"query-input\":{\"@type\":\"PropertyValueSpecification\",\"valueRequired\":true,\"valueName\":\"search_term_string\"}}],\"inLanguage\":\"de-DE\"},{\"@type\":\"Organization\",\"@id\":\"https:\/\/www.newlifecyprus.com\/de\/#organization\",\"name\":\"Properties in Cyprus\",\"url\":\"https:\/\/www.newlifecyprus.com\/de\/\",\"logo\":{\"@type\":\"ImageObject\",\"inLanguage\":\"de-DE\",\"@id\":\"https:\/\/www.newlifecyprus.com\/de\/#\/schema\/logo\/image\/\",\"url\":\"https:\/\/www.newlifecyprus.com\/wp-content\/uploads\/2022\/05\/logo-205.png\",\"contentUrl\":\"https:\/\/www.newlifecyprus.com\/wp-content\/uploads\/2022\/05\/logo-205.png\",\"width\":205,\"height\":46,\"caption\":\"Properties in Cyprus\"},\"image\":{\"@id\":\"https:\/\/www.newlifecyprus.com\/de\/#\/schema\/logo\/image\/\"},\"sameAs\":[\"https:\/\/www.facebook.com\/newlifeturkeyinalanya\/\",\"https:\/\/x.com\/NewLifeAlanya\"]},{\"@type\":\"Person\",\"@id\":\"https:\/\/www.newlifecyprus.com\/de\/#\/schema\/person\/5be5fa430d698f3cacddc6a8f0aeb1b5\",\"name\":\"ivonne\",\"image\":{\"@type\":\"ImageObject\",\"inLanguage\":\"de-DE\",\"@id\":\"https:\/\/www.newlifecyprus.com\/de\/#\/schema\/person\/image\/\",\"url\":\"https:\/\/secure.gravatar.com\/avatar\/a35e164491724918adfa04c96b11cb7b?s=96&d=mm&r=g\",\"contentUrl\":\"https:\/\/secure.gravatar.com\/avatar\/a35e164491724918adfa04c96b11cb7b?s=96&d=mm&r=g\",\"caption\":\"ivonne\"}}]}<\/script>\n<!-- \/ Yoast SEO plugin. -->","yoast_head_json":{"title":"\u201eK\u00f6rperwelten\u201c Ausstellung in Ankara - Immobilien in Zypern","robots":{"index":"index","follow":"follow","max-snippet":"max-snippet:-1","max-image-preview":"max-image-preview:large","max-video-preview":"max-video-preview:-1"},"canonical":"https:\/\/www.newlifecyprus.com\/de\/neues\/koerperwelten-ausstellung-in-ankara\/","og_locale":"de_DE","og_type":"article","og_title":"\u201eK\u00f6rperwelten\u201c Ausstellung in Ankara - Immobilien in Zypern","og_description":"Die bekannte aber auch sehr umstrittene Ausstellung \u201eK\u00f6rperwelten: Der Zyklus des Lebens\u201c wird ab dem 7. September in Ankara zu sehen sein. Mit Unterst\u00fctzung der Universit\u00e4t von Ankara wird sie jetzt im Einkaufszentrum Kentpark aufgebaut. Die erste t\u00fcrkische Ausstellung von \u201eK\u00f6rperwelten: Der Zyklus des Lebens\u201c gab es bereits 2010 in Istanbul. Mehr als 400.000 Besucherinnen und Besucher hatten diese besucht. Unter den Besuchern waren ...","og_url":"https:\/\/www.newlifecyprus.com\/de\/neues\/koerperwelten-ausstellung-in-ankara\/","og_site_name":"Immobilien in Zypern","article_publisher":"https:\/\/www.facebook.com\/newlifeturkeyinalanya\/","article_published_time":"2012-09-15T09:56:48+00:00","og_image":[{"width":287,"height":405,"url":"https:\/\/www.newlifecyprus.com\/wp-content\/uploads\/2012\/09\/krperwelten.png","type":"image\/png"}],"author":"ivonne","twitter_card":"summary_large_image","twitter_creator":"@NewLifeAlanya","twitter_site":"@NewLifeAlanya","twitter_misc":{"Verfasst von":"ivonne","Gesch\u00e4tzte Lesezeit":"1 Minute"},"schema":{"@context":"https:\/\/schema.org","@graph":[{"@type":"Article","@id":"https:\/\/www.newlifecyprus.com\/de\/neues\/koerperwelten-ausstellung-in-ankara\/#article","isPartOf":{"@id":"https:\/\/www.newlifecyprus.com\/de\/neues\/koerperwelten-ausstellung-in-ankara\/"},"author":{"name":"ivonne","@id":"https:\/\/www.newlifecyprus.com\/de\/#\/schema\/person\/5be5fa430d698f3cacddc6a8f0aeb1b5"},"headline":"\u201eK\u00f6rperwelten\u201c Ausstellung in Ankara","datePublished":"2012-09-15T09:56:48+00:00","mainEntityOfPage":{"@id":"https:\/\/www.newlifecyprus.com\/de\/neues\/koerperwelten-ausstellung-in-ankara\/"},"wordCount":199,"commentCount":0,"publisher":{"@id":"https:\/\/www.newlifecyprus.com\/de\/#organization"},"image":{"@id":"https:\/\/www.newlifecyprus.com\/de\/neues\/koerperwelten-ausstellung-in-ankara\/#primaryimage"},"thumbnailUrl":"https:\/\/www.newlifecyprus.com\/wp-content\/uploads\/2012\/09\/krperwelten.png","articleSection":["Neues"],"inLanguage":"de-DE"},{"@type":"WebPage","@id":"https:\/\/www.newlifecyprus.com\/de\/neues\/koerperwelten-ausstellung-in-ankara\/","url":"https:\/\/www.newlifecyprus.com\/de\/neues\/koerperwelten-ausstellung-in-ankara\/","name":"\u201eK\u00f6rperwelten\u201c Ausstellung in Ankara - Immobilien in Zypern","isPartOf":{"@id":"https:\/\/www.newlifecyprus.com\/de\/#website"},"primaryImageOfPage":{"@id":"https:\/\/www.newlifecyprus.com\/de\/neues\/koerperwelten-ausstellung-in-ankara\/#primaryimage"},"image":{"@id":"https:\/\/www.newlifecyprus.com\/de\/neues\/koerperwelten-ausstellung-in-ankara\/#primaryimage"},"thumbnailUrl":"https:\/\/www.newlifecyprus.com\/wp-content\/uploads\/2012\/09\/krperwelten.png","datePublished":"2012-09-15T09:56:48+00:00","breadcrumb":{"@id":"https:\/\/www.newlifecyprus.com\/de\/neues\/koerperwelten-ausstellung-in-ankara\/#breadcrumb"},"inLanguage":"de-DE","potentialAction":[{"@type":"ReadAction","target":["https:\/\/www.newlifecyprus.com\/de\/neues\/koerperwelten-ausstellung-in-ankara\/"]}]},{"@type":"ImageObject","inLanguage":"de-DE","@id":"https:\/\/www.newlifecyprus.com\/de\/neues\/koerperwelten-ausstellung-in-ankara\/#primaryimage","url":"https:\/\/www.newlifecyprus.com\/wp-content\/uploads\/2012\/09\/krperwelten.png","contentUrl":"https:\/\/www.newlifecyprus.com\/wp-content\/uploads\/2012\/09\/krperwelten.png","width":287,"height":405,"caption":"alt"},{"@type":"BreadcrumbList","@id":"https:\/\/www.newlifecyprus.com\/de\/neues\/koerperwelten-ausstellung-in-ankara\/#breadcrumb","itemListElement":[{"@type":"ListItem","position":1,"name":"Home","item":"https:\/\/www.newlifecyprus.com\/de\/startseite\/"},{"@type":"ListItem","position":2,"name":"\u201eK\u00f6rperwelten\u201c Ausstellung in Ankara"}]},{"@type":"WebSite","@id":"https:\/\/www.newlifecyprus.com\/de\/#website","url":"https:\/\/www.newlifecyprus.com\/de\/","name":"Properties in Cyprus","description":"New Life Cyprus","publisher":{"@id":"https:\/\/www.newlifecyprus.com\/de\/#organization"},"potentialAction":[{"@type":"SearchAction","target":{"@type":"EntryPoint","urlTemplate":"https:\/\/www.newlifecyprus.com\/de\/?s={search_term_string}"},"query-input":{"@type":"PropertyValueSpecification","valueRequired":true,"valueName":"search_term_string"}}],"inLanguage":"de-DE"},{"@type":"Organization","@id":"https:\/\/www.newlifecyprus.com\/de\/#organization","name":"Properties in Cyprus","url":"https:\/\/www.newlifecyprus.com\/de\/","logo":{"@type":"ImageObject","inLanguage":"de-DE","@id":"https:\/\/www.newlifecyprus.com\/de\/#\/schema\/logo\/image\/","url":"https:\/\/www.newlifecyprus.com\/wp-content\/uploads\/2022\/05\/logo-205.png","contentUrl":"https:\/\/www.newlifecyprus.com\/wp-content\/uploads\/2022\/05\/logo-205.png","width":205,"height":46,"caption":"Properties in Cyprus"},"image":{"@id":"https:\/\/www.newlifecyprus.com\/de\/#\/schema\/logo\/image\/"},"sameAs":["https:\/\/www.facebook.com\/newlifeturkeyinalanya\/","https:\/\/x.com\/NewLifeAlanya"]},{"@type":"Person","@id":"https:\/\/www.newlifecyprus.com\/de\/#\/schema\/person\/5be5fa430d698f3cacddc6a8f0aeb1b5","name":"ivonne","image":{"@type":"ImageObject","inLanguage":"de-DE","@id":"https:\/\/www.newlifecyprus.com\/de\/#\/schema\/person\/image\/","url":"https:\/\/secure.gravatar.com\/avatar\/a35e164491724918adfa04c96b11cb7b?s=96&d=mm&r=g","contentUrl":"https:\/\/secure.gravatar.com\/avatar\/a35e164491724918adfa04c96b11cb7b?s=96&d=mm&r=g","caption":"ivonne"}}]}},"_links":{"self":[{"href":"https:\/\/www.newlifecyprus.com\/de\/wp-json\/wp\/v2\/posts\/20509"}],"collection":[{"href":"https:\/\/www.newlifecyprus.com\/de\/wp-json\/wp\/v2\/posts"}],"about":[{"href":"https:\/\/www.newlifecyprus.com\/de\/wp-json\/wp\/v2\/types\/post"}],"author":[{"embeddable":true,"href":"https:\/\/www.newlifecyprus.com\/de\/wp-json\/wp\/v2\/users\/3"}],"replies":[{"embeddable":true,"href":"https:\/\/www.newlifecyprus.com\/de\/wp-json\/wp\/v2\/comments?post=20509"}],"version-history":[{"count":0,"href":"https:\/\/www.newlifecyprus.com\/de\/wp-json\/wp\/v2\/posts\/20509\/revisions"}],"wp:featuredmedia":[{"embeddable":true,"href":"https:\/\/www.newlifecyprus.com\/de\/wp-json\/wp\/v2\/media\/20497"}],"wp:attachment":[{"href":"https:\/\/www.newlifecyprus.com\/de\/wp-json\/wp\/v2\/media?parent=20509"}],"wp:term":[{"taxonomy":"category","embeddable":true,"href":"https:\/\/www.newlifecyprus.com\/de\/wp-json\/wp\/v2\/categories?post=20509"},{"taxonomy":"post_tag","embeddable":true,"href":"https:\/\/www.newlifecyprus.com\/de\/wp-json\/wp\/v2\/tags?post=20509"}],"curies":[{"name":"wp","href":"https:\/\/api.w.org\/{rel}","templated":true}]}}