{"id":20643,"date":"2012-10-16T11:20:26","date_gmt":"2012-10-16T11:20:26","guid":{"rendered":"http:\/\/new.newlifeturkey.com\/index.php\/2012\/10\/16\/schwedischer-besuch-in-alanya\/"},"modified":"2012-10-16T11:20:26","modified_gmt":"2012-10-16T11:20:26","slug":"schwedischer-besuch-in-alanya","status":"publish","type":"post","link":"https:\/\/www.newlifecyprus.com\/de\/neues\/schwedischer-besuch-in-alanya\/","title":{"rendered":"Schwedischer Besuch in Alanya"},"content":{"rendered":"<p style=\"text-align: justify; \"> \t<img fetchpriority=\"high\" decoding=\"async\" class=\" alignleft size-full wp-image-20637\" alt=\"alt\" src=\"http:\/\/new.newlifeturkey.com\/wp-content\/uploads\/2012\/10\/schwedischer%20besuch.jpg\" style=\"width: 175px; height: 150px; border-width: 1px; border-style: solid; margin: 4px 1px; float: left; \" width=\"400\" height=\"300\" \/>Bei einem Treffen von Besuchern aus der schwedischen Stadt Tomelilla und dem B\u00fcrgermeister von Alanya Hasan Sipahioglu fand ein reger Informationsaustausch statt. Unterschiedlichen Themen wurden hierbei diskutiert unter anderem auch bez\u00fcglich der in Alanya lebenden schwedischen Residenten.<\/p>\n<p style=\"text-align: justify; \"> \tIm Anschluss an den Besuch im Rathaus besuchte die Delegation auch den Gro\u00dfmarkt und das Museum.<\/p>\n<p style=\"text-align: justify; \"> \tAus der Stadt Eskilstuna in der schwedischen Region S\u00f6rmland erhielten wir ebenfalls Besuch. Die Gruppe bestand aus Vertreterinnen der lokalen Regierung der Stadt Eskilstuna. Gemeinsam besuchte die Delegation das neue Behindertenzentrum in Alanya.<\/p>\n<p style=\"text-align: justify; \"> \tDer Projektkoordinator M\u00fcnir Altioglu informierte die Besucher \u00fcber das Zentrum, das ein Produkt des Projektes &#8218;Alanya f\u00fcr Alle&#8216; ist. Ziel sei es, s\u00e4mtliche in der Stadt lebende Menschen mit Behinderungen zu erreichen.<\/p>\n<p style=\"text-align: justify; \"> \tHerr Altioglu informierte die Gruppe \u00fcber s\u00e4mtliche Aspekte und Arbeiten des Behindertenzentrums.<\/p>\n<p style=\"text-align: justify; \"> \tIm Anschluss an die Besichtigung sagte die Gruppenleiterin Nina Puiseva Tuncer, dass das neue er\u00f6ffnete Zentrum und die dortigen Arbeiten bewundernswert seien und die Dienstleistungen auf Weltstandart durchgef\u00fchrt w\u00fcrden. Sie bedankte sich bei B\u00fcrgermeister Sipahio\u011flu f\u00fcr die Einrichtung des Zentrums und gratulierte ihm zur Verwirklichung des Projektes.<\/p>\n<p> \t\u00a0<\/p>\n","protected":false},"excerpt":{"rendered":"<p>Bei einem Treffen von Besuchern aus der schwedischen Stadt Tomelilla und dem B\u00fcrgermeister von Alanya Hasan Sipahioglu fand ein reger Informationsaustausch statt. Unterschiedlichen Themen wurden hierbei diskutiert unter anderem auch bez\u00fcglich der in Alanya lebenden schwedischen Residenten. Im Anschluss an den Besuch im Rathaus besuchte die Delegation auch den Gro\u00dfmarkt und das Museum. Aus der Stadt Eskilstuna in der schwedischen Region S\u00f6rmland erhielten wir &#8230;<\/p>\n","protected":false},"author":3,"featured_media":20631,"comment_status":"open","ping_status":"open","sticky":false,"template":"","format":"standard","meta":{"footnotes":""},"categories":[74],"tags":[],"class_list":["post-20643","post","type-post","status-publish","format-standard","has-post-thumbnail","hentry","category-neues"],"yoast_head":"<!-- This site is optimized with the Yoast SEO plugin v25.3 - https:\/\/yoast.com\/wordpress\/plugins\/seo\/ -->\n<title>Schwedischer Besuch in Alanya - Immobilien in Zypern<\/title>\n<meta name=\"robots\" content=\"index, follow, max-snippet:-1, max-image-preview:large, max-video-preview:-1\" \/>\n<link rel=\"canonical\" href=\"https:\/\/www.newlifecyprus.com\/de\/neues\/schwedischer-besuch-in-alanya\/\" \/>\n<meta property=\"og:locale\" content=\"de_DE\" \/>\n<meta property=\"og:type\" content=\"article\" \/>\n<meta property=\"og:title\" content=\"Schwedischer Besuch in Alanya - Immobilien in Zypern\" \/>\n<meta property=\"og:description\" content=\"Bei einem Treffen von Besuchern aus der schwedischen Stadt Tomelilla und dem B\u00fcrgermeister von Alanya Hasan Sipahioglu fand ein reger Informationsaustausch statt. Unterschiedlichen Themen wurden hierbei diskutiert unter anderem auch bez\u00fcglich der in Alanya lebenden schwedischen Residenten. Im Anschluss an den Besuch im Rathaus besuchte die Delegation auch den Gro\u00dfmarkt und das Museum. Aus der Stadt Eskilstuna in der schwedischen Region S\u00f6rmland erhielten wir ...\" \/>\n<meta property=\"og:url\" content=\"https:\/\/www.newlifecyprus.com\/de\/neues\/schwedischer-besuch-in-alanya\/\" \/>\n<meta property=\"og:site_name\" content=\"Immobilien in Zypern\" \/>\n<meta property=\"article:publisher\" content=\"https:\/\/www.facebook.com\/newlifeturkeyinalanya\/\" \/>\n<meta property=\"article:published_time\" content=\"2012-10-16T11:20:26+00:00\" \/>\n<meta property=\"og:image\" content=\"https:\/\/www.newlifecyprus.com\/wp-content\/uploads\/2012\/10\/schwedischer%20besuch.jpg\" \/>\n\t<meta property=\"og:image:width\" content=\"400\" \/>\n\t<meta property=\"og:image:height\" content=\"300\" \/>\n\t<meta property=\"og:image:type\" content=\"image\/jpeg\" \/>\n<meta name=\"author\" content=\"ivonne\" \/>\n<meta name=\"twitter:card\" content=\"summary_large_image\" \/>\n<meta name=\"twitter:creator\" content=\"@NewLifeAlanya\" \/>\n<meta name=\"twitter:site\" content=\"@NewLifeAlanya\" \/>\n<meta name=\"twitter:label1\" content=\"Verfasst von\" \/>\n\t<meta name=\"twitter:data1\" content=\"ivonne\" \/>\n\t<meta name=\"twitter:label2\" content=\"Gesch\u00e4tzte Lesezeit\" \/>\n\t<meta name=\"twitter:data2\" content=\"1 Minute\" \/>\n<script type=\"application\/ld+json\" class=\"yoast-schema-graph\">{\"@context\":\"https:\/\/schema.org\",\"@graph\":[{\"@type\":\"Article\",\"@id\":\"https:\/\/www.newlifecyprus.com\/de\/neues\/schwedischer-besuch-in-alanya\/#article\",\"isPartOf\":{\"@id\":\"https:\/\/www.newlifecyprus.com\/de\/neues\/schwedischer-besuch-in-alanya\/\"},\"author\":{\"name\":\"ivonne\",\"@id\":\"https:\/\/www.newlifecyprus.com\/de\/#\/schema\/person\/5be5fa430d698f3cacddc6a8f0aeb1b5\"},\"headline\":\"Schwedischer Besuch in Alanya\",\"datePublished\":\"2012-10-16T11:20:26+00:00\",\"mainEntityOfPage\":{\"@id\":\"https:\/\/www.newlifecyprus.com\/de\/neues\/schwedischer-besuch-in-alanya\/\"},\"wordCount\":195,\"commentCount\":0,\"publisher\":{\"@id\":\"https:\/\/www.newlifecyprus.com\/de\/#organization\"},\"image\":{\"@id\":\"https:\/\/www.newlifecyprus.com\/de\/neues\/schwedischer-besuch-in-alanya\/#primaryimage\"},\"thumbnailUrl\":\"https:\/\/www.newlifecyprus.com\/wp-content\/uploads\/2012\/10\/schwedischer besuch.jpg\",\"articleSection\":[\"Neues\"],\"inLanguage\":\"de-DE\"},{\"@type\":\"WebPage\",\"@id\":\"https:\/\/www.newlifecyprus.com\/de\/neues\/schwedischer-besuch-in-alanya\/\",\"url\":\"https:\/\/www.newlifecyprus.com\/de\/neues\/schwedischer-besuch-in-alanya\/\",\"name\":\"Schwedischer Besuch in Alanya - Immobilien in Zypern\",\"isPartOf\":{\"@id\":\"https:\/\/www.newlifecyprus.com\/de\/#website\"},\"primaryImageOfPage\":{\"@id\":\"https:\/\/www.newlifecyprus.com\/de\/neues\/schwedischer-besuch-in-alanya\/#primaryimage\"},\"image\":{\"@id\":\"https:\/\/www.newlifecyprus.com\/de\/neues\/schwedischer-besuch-in-alanya\/#primaryimage\"},\"thumbnailUrl\":\"https:\/\/www.newlifecyprus.com\/wp-content\/uploads\/2012\/10\/schwedischer besuch.jpg\",\"datePublished\":\"2012-10-16T11:20:26+00:00\",\"breadcrumb\":{\"@id\":\"https:\/\/www.newlifecyprus.com\/de\/neues\/schwedischer-besuch-in-alanya\/#breadcrumb\"},\"inLanguage\":\"de-DE\",\"potentialAction\":[{\"@type\":\"ReadAction\",\"target\":[\"https:\/\/www.newlifecyprus.com\/de\/neues\/schwedischer-besuch-in-alanya\/\"]}]},{\"@type\":\"ImageObject\",\"inLanguage\":\"de-DE\",\"@id\":\"https:\/\/www.newlifecyprus.com\/de\/neues\/schwedischer-besuch-in-alanya\/#primaryimage\",\"url\":\"https:\/\/www.newlifecyprus.com\/wp-content\/uploads\/2012\/10\/schwedischer besuch.jpg\",\"contentUrl\":\"https:\/\/www.newlifecyprus.com\/wp-content\/uploads\/2012\/10\/schwedischer besuch.jpg\",\"width\":400,\"height\":300,\"caption\":\"alt\"},{\"@type\":\"BreadcrumbList\",\"@id\":\"https:\/\/www.newlifecyprus.com\/de\/neues\/schwedischer-besuch-in-alanya\/#breadcrumb\",\"itemListElement\":[{\"@type\":\"ListItem\",\"position\":1,\"name\":\"Home\",\"item\":\"https:\/\/www.newlifecyprus.com\/de\/startseite\/\"},{\"@type\":\"ListItem\",\"position\":2,\"name\":\"Schwedischer Besuch in Alanya\"}]},{\"@type\":\"WebSite\",\"@id\":\"https:\/\/www.newlifecyprus.com\/de\/#website\",\"url\":\"https:\/\/www.newlifecyprus.com\/de\/\",\"name\":\"Properties in Cyprus\",\"description\":\"New Life Cyprus\",\"publisher\":{\"@id\":\"https:\/\/www.newlifecyprus.com\/de\/#organization\"},\"potentialAction\":[{\"@type\":\"SearchAction\",\"target\":{\"@type\":\"EntryPoint\",\"urlTemplate\":\"https:\/\/www.newlifecyprus.com\/de\/?s={search_term_string}\"},\"query-input\":{\"@type\":\"PropertyValueSpecification\",\"valueRequired\":true,\"valueName\":\"search_term_string\"}}],\"inLanguage\":\"de-DE\"},{\"@type\":\"Organization\",\"@id\":\"https:\/\/www.newlifecyprus.com\/de\/#organization\",\"name\":\"Properties in Cyprus\",\"url\":\"https:\/\/www.newlifecyprus.com\/de\/\",\"logo\":{\"@type\":\"ImageObject\",\"inLanguage\":\"de-DE\",\"@id\":\"https:\/\/www.newlifecyprus.com\/de\/#\/schema\/logo\/image\/\",\"url\":\"https:\/\/www.newlifecyprus.com\/wp-content\/uploads\/2022\/05\/logo-205.png\",\"contentUrl\":\"https:\/\/www.newlifecyprus.com\/wp-content\/uploads\/2022\/05\/logo-205.png\",\"width\":205,\"height\":46,\"caption\":\"Properties in Cyprus\"},\"image\":{\"@id\":\"https:\/\/www.newlifecyprus.com\/de\/#\/schema\/logo\/image\/\"},\"sameAs\":[\"https:\/\/www.facebook.com\/newlifeturkeyinalanya\/\",\"https:\/\/x.com\/NewLifeAlanya\"]},{\"@type\":\"Person\",\"@id\":\"https:\/\/www.newlifecyprus.com\/de\/#\/schema\/person\/5be5fa430d698f3cacddc6a8f0aeb1b5\",\"name\":\"ivonne\",\"image\":{\"@type\":\"ImageObject\",\"inLanguage\":\"de-DE\",\"@id\":\"https:\/\/www.newlifecyprus.com\/de\/#\/schema\/person\/image\/\",\"url\":\"https:\/\/secure.gravatar.com\/avatar\/a35e164491724918adfa04c96b11cb7b?s=96&d=mm&r=g\",\"contentUrl\":\"https:\/\/secure.gravatar.com\/avatar\/a35e164491724918adfa04c96b11cb7b?s=96&d=mm&r=g\",\"caption\":\"ivonne\"}}]}<\/script>\n<!-- \/ Yoast SEO plugin. -->","yoast_head_json":{"title":"Schwedischer Besuch in Alanya - Immobilien in Zypern","robots":{"index":"index","follow":"follow","max-snippet":"max-snippet:-1","max-image-preview":"max-image-preview:large","max-video-preview":"max-video-preview:-1"},"canonical":"https:\/\/www.newlifecyprus.com\/de\/neues\/schwedischer-besuch-in-alanya\/","og_locale":"de_DE","og_type":"article","og_title":"Schwedischer Besuch in Alanya - Immobilien in Zypern","og_description":"Bei einem Treffen von Besuchern aus der schwedischen Stadt Tomelilla und dem B\u00fcrgermeister von Alanya Hasan Sipahioglu fand ein reger Informationsaustausch statt. Unterschiedlichen Themen wurden hierbei diskutiert unter anderem auch bez\u00fcglich der in Alanya lebenden schwedischen Residenten. Im Anschluss an den Besuch im Rathaus besuchte die Delegation auch den Gro\u00dfmarkt und das Museum. Aus der Stadt Eskilstuna in der schwedischen Region S\u00f6rmland erhielten wir ...","og_url":"https:\/\/www.newlifecyprus.com\/de\/neues\/schwedischer-besuch-in-alanya\/","og_site_name":"Immobilien in Zypern","article_publisher":"https:\/\/www.facebook.com\/newlifeturkeyinalanya\/","article_published_time":"2012-10-16T11:20:26+00:00","og_image":[{"width":400,"height":300,"url":"https:\/\/www.newlifecyprus.com\/wp-content\/uploads\/2012\/10\/schwedischer besuch.jpg","type":"image\/jpeg"}],"author":"ivonne","twitter_card":"summary_large_image","twitter_creator":"@NewLifeAlanya","twitter_site":"@NewLifeAlanya","twitter_misc":{"Verfasst von":"ivonne","Gesch\u00e4tzte Lesezeit":"1 Minute"},"schema":{"@context":"https:\/\/schema.org","@graph":[{"@type":"Article","@id":"https:\/\/www.newlifecyprus.com\/de\/neues\/schwedischer-besuch-in-alanya\/#article","isPartOf":{"@id":"https:\/\/www.newlifecyprus.com\/de\/neues\/schwedischer-besuch-in-alanya\/"},"author":{"name":"ivonne","@id":"https:\/\/www.newlifecyprus.com\/de\/#\/schema\/person\/5be5fa430d698f3cacddc6a8f0aeb1b5"},"headline":"Schwedischer Besuch in Alanya","datePublished":"2012-10-16T11:20:26+00:00","mainEntityOfPage":{"@id":"https:\/\/www.newlifecyprus.com\/de\/neues\/schwedischer-besuch-in-alanya\/"},"wordCount":195,"commentCount":0,"publisher":{"@id":"https:\/\/www.newlifecyprus.com\/de\/#organization"},"image":{"@id":"https:\/\/www.newlifecyprus.com\/de\/neues\/schwedischer-besuch-in-alanya\/#primaryimage"},"thumbnailUrl":"https:\/\/www.newlifecyprus.com\/wp-content\/uploads\/2012\/10\/schwedischer besuch.jpg","articleSection":["Neues"],"inLanguage":"de-DE"},{"@type":"WebPage","@id":"https:\/\/www.newlifecyprus.com\/de\/neues\/schwedischer-besuch-in-alanya\/","url":"https:\/\/www.newlifecyprus.com\/de\/neues\/schwedischer-besuch-in-alanya\/","name":"Schwedischer Besuch in Alanya - Immobilien in Zypern","isPartOf":{"@id":"https:\/\/www.newlifecyprus.com\/de\/#website"},"primaryImageOfPage":{"@id":"https:\/\/www.newlifecyprus.com\/de\/neues\/schwedischer-besuch-in-alanya\/#primaryimage"},"image":{"@id":"https:\/\/www.newlifecyprus.com\/de\/neues\/schwedischer-besuch-in-alanya\/#primaryimage"},"thumbnailUrl":"https:\/\/www.newlifecyprus.com\/wp-content\/uploads\/2012\/10\/schwedischer besuch.jpg","datePublished":"2012-10-16T11:20:26+00:00","breadcrumb":{"@id":"https:\/\/www.newlifecyprus.com\/de\/neues\/schwedischer-besuch-in-alanya\/#breadcrumb"},"inLanguage":"de-DE","potentialAction":[{"@type":"ReadAction","target":["https:\/\/www.newlifecyprus.com\/de\/neues\/schwedischer-besuch-in-alanya\/"]}]},{"@type":"ImageObject","inLanguage":"de-DE","@id":"https:\/\/www.newlifecyprus.com\/de\/neues\/schwedischer-besuch-in-alanya\/#primaryimage","url":"https:\/\/www.newlifecyprus.com\/wp-content\/uploads\/2012\/10\/schwedischer besuch.jpg","contentUrl":"https:\/\/www.newlifecyprus.com\/wp-content\/uploads\/2012\/10\/schwedischer besuch.jpg","width":400,"height":300,"caption":"alt"},{"@type":"BreadcrumbList","@id":"https:\/\/www.newlifecyprus.com\/de\/neues\/schwedischer-besuch-in-alanya\/#breadcrumb","itemListElement":[{"@type":"ListItem","position":1,"name":"Home","item":"https:\/\/www.newlifecyprus.com\/de\/startseite\/"},{"@type":"ListItem","position":2,"name":"Schwedischer Besuch in Alanya"}]},{"@type":"WebSite","@id":"https:\/\/www.newlifecyprus.com\/de\/#website","url":"https:\/\/www.newlifecyprus.com\/de\/","name":"Properties in Cyprus","description":"New Life Cyprus","publisher":{"@id":"https:\/\/www.newlifecyprus.com\/de\/#organization"},"potentialAction":[{"@type":"SearchAction","target":{"@type":"EntryPoint","urlTemplate":"https:\/\/www.newlifecyprus.com\/de\/?s={search_term_string}"},"query-input":{"@type":"PropertyValueSpecification","valueRequired":true,"valueName":"search_term_string"}}],"inLanguage":"de-DE"},{"@type":"Organization","@id":"https:\/\/www.newlifecyprus.com\/de\/#organization","name":"Properties in Cyprus","url":"https:\/\/www.newlifecyprus.com\/de\/","logo":{"@type":"ImageObject","inLanguage":"de-DE","@id":"https:\/\/www.newlifecyprus.com\/de\/#\/schema\/logo\/image\/","url":"https:\/\/www.newlifecyprus.com\/wp-content\/uploads\/2022\/05\/logo-205.png","contentUrl":"https:\/\/www.newlifecyprus.com\/wp-content\/uploads\/2022\/05\/logo-205.png","width":205,"height":46,"caption":"Properties in Cyprus"},"image":{"@id":"https:\/\/www.newlifecyprus.com\/de\/#\/schema\/logo\/image\/"},"sameAs":["https:\/\/www.facebook.com\/newlifeturkeyinalanya\/","https:\/\/x.com\/NewLifeAlanya"]},{"@type":"Person","@id":"https:\/\/www.newlifecyprus.com\/de\/#\/schema\/person\/5be5fa430d698f3cacddc6a8f0aeb1b5","name":"ivonne","image":{"@type":"ImageObject","inLanguage":"de-DE","@id":"https:\/\/www.newlifecyprus.com\/de\/#\/schema\/person\/image\/","url":"https:\/\/secure.gravatar.com\/avatar\/a35e164491724918adfa04c96b11cb7b?s=96&d=mm&r=g","contentUrl":"https:\/\/secure.gravatar.com\/avatar\/a35e164491724918adfa04c96b11cb7b?s=96&d=mm&r=g","caption":"ivonne"}}]}},"_links":{"self":[{"href":"https:\/\/www.newlifecyprus.com\/de\/wp-json\/wp\/v2\/posts\/20643"}],"collection":[{"href":"https:\/\/www.newlifecyprus.com\/de\/wp-json\/wp\/v2\/posts"}],"about":[{"href":"https:\/\/www.newlifecyprus.com\/de\/wp-json\/wp\/v2\/types\/post"}],"author":[{"embeddable":true,"href":"https:\/\/www.newlifecyprus.com\/de\/wp-json\/wp\/v2\/users\/3"}],"replies":[{"embeddable":true,"href":"https:\/\/www.newlifecyprus.com\/de\/wp-json\/wp\/v2\/comments?post=20643"}],"version-history":[{"count":0,"href":"https:\/\/www.newlifecyprus.com\/de\/wp-json\/wp\/v2\/posts\/20643\/revisions"}],"wp:featuredmedia":[{"embeddable":true,"href":"https:\/\/www.newlifecyprus.com\/de\/wp-json\/wp\/v2\/media\/20631"}],"wp:attachment":[{"href":"https:\/\/www.newlifecyprus.com\/de\/wp-json\/wp\/v2\/media?parent=20643"}],"wp:term":[{"taxonomy":"category","embeddable":true,"href":"https:\/\/www.newlifecyprus.com\/de\/wp-json\/wp\/v2\/categories?post=20643"},{"taxonomy":"post_tag","embeddable":true,"href":"https:\/\/www.newlifecyprus.com\/de\/wp-json\/wp\/v2\/tags?post=20643"}],"curies":[{"name":"wp","href":"https:\/\/api.w.org\/{rel}","templated":true}]}}