{"id":20783,"date":"2013-10-22T11:47:31","date_gmt":"2013-10-22T11:47:31","guid":{"rendered":"http:\/\/new.newlifeturkey.com\/index.php\/2013\/10\/22\/internationales-kunstfestival-in-alanya\/"},"modified":"2013-10-22T11:47:31","modified_gmt":"2013-10-22T11:47:31","slug":"internationales-kunstfestival-in-alanya","status":"publish","type":"post","link":"https:\/\/www.newlifecyprus.com\/de\/neues\/internationales-kunstfestival-in-alanya\/","title":{"rendered":"Internationales Kunstfestival in Alanya"},"content":{"rendered":"<p style=\"text-align: justify;\"> \t<img fetchpriority=\"high\" decoding=\"async\" class=\" alignleft size-full wp-image-20777\" alt=\"\" src=\"http:\/\/new.newlifeturkey.com\/wp-content\/uploads\/2013\/10\/kunstfestival.jpg\" style=\"width: 175px; height: 150px; border-width: 1px; border-style: solid; margin: 4px; float: left;\" width=\"400\" height=\"566\" srcset=\"https:\/\/www.newlifecyprus.com\/wp-content\/uploads\/2013\/10\/kunstfestival.jpg 400w, https:\/\/www.newlifecyprus.com\/wp-content\/uploads\/2013\/10\/kunstfestival-212x300.jpg 212w\" sizes=\"(max-width: 400px) 100vw, 400px\" \/>Der Ausl\u00e4nderbeirat der Stadt Alanya bereitet derzeit das 1. Internationale Kunstfestival (\u201cKunst ist die gemeinsame Sprache der Welt\u201d) vor. In Alanya lebende Residenten haben noch die M\u00f6glichkeit, ihre Beitr\u00e4ge und Kunstobjekte anzumelden. K\u00fcnstler der Fotografie, der Bildhauerei, der Malerei sind herzlich eingeladen an dem Festival teilzunehmen und ihre Objekte auszustellen.&nbsp; Anf\u00e4nger oder professionelle K\u00fcnstler, jeder kann bei dem tollen Event teilnehmen.<\/p>\n<p style=\"text-align: justify;\"> \tDas Kunstfestival wird vom 01.11. \u2013 03.11.2013 im KulturzentrumAlanya stattfinden. Die Anmeldungen f\u00fcr die Aussteller sollten bis sp\u00e4testens zum 11.10.2013 erfolgt sein.<\/p>\n<p> \t&nbsp;<\/p>\n","protected":false},"excerpt":{"rendered":"<p>Der Ausl\u00e4nderbeirat der Stadt Alanya bereitet derzeit das 1. Internationale Kunstfestival (\u201cKunst ist die gemeinsame Sprache der Welt\u201d) vor. In Alanya lebende Residenten haben noch die M\u00f6glichkeit, ihre Beitr\u00e4ge und Kunstobjekte anzumelden. K\u00fcnstler der Fotografie, der Bildhauerei, der Malerei sind herzlich eingeladen an dem Festival teilzunehmen und ihre Objekte auszustellen.&nbsp; Anf\u00e4nger oder professionelle K\u00fcnstler, jeder kann bei dem tollen Event teilnehmen. Das Kunstfestival wird &#8230;<\/p>\n","protected":false},"author":3,"featured_media":20777,"comment_status":"open","ping_status":"open","sticky":false,"template":"","format":"standard","meta":{"footnotes":""},"categories":[74],"tags":[],"class_list":["post-20783","post","type-post","status-publish","format-standard","has-post-thumbnail","hentry","category-neues"],"yoast_head":"<!-- This site is optimized with the Yoast SEO plugin v25.3 - https:\/\/yoast.com\/wordpress\/plugins\/seo\/ -->\n<title>Internationales Kunstfestival in Alanya - Immobilien in Zypern<\/title>\n<meta name=\"robots\" content=\"index, follow, max-snippet:-1, max-image-preview:large, max-video-preview:-1\" \/>\n<link rel=\"canonical\" href=\"https:\/\/www.newlifecyprus.com\/de\/neues\/internationales-kunstfestival-in-alanya\/\" \/>\n<meta property=\"og:locale\" content=\"de_DE\" \/>\n<meta property=\"og:type\" content=\"article\" \/>\n<meta property=\"og:title\" content=\"Internationales Kunstfestival in Alanya - Immobilien in Zypern\" \/>\n<meta property=\"og:description\" content=\"Der Ausl\u00e4nderbeirat der Stadt Alanya bereitet derzeit das 1. Internationale Kunstfestival (\u201cKunst ist die gemeinsame Sprache der Welt\u201d) vor. In Alanya lebende Residenten haben noch die M\u00f6glichkeit, ihre Beitr\u00e4ge und Kunstobjekte anzumelden. K\u00fcnstler der Fotografie, der Bildhauerei, der Malerei sind herzlich eingeladen an dem Festival teilzunehmen und ihre Objekte auszustellen.&nbsp; Anf\u00e4nger oder professionelle K\u00fcnstler, jeder kann bei dem tollen Event teilnehmen. Das Kunstfestival wird ...\" \/>\n<meta property=\"og:url\" content=\"https:\/\/www.newlifecyprus.com\/de\/neues\/internationales-kunstfestival-in-alanya\/\" \/>\n<meta property=\"og:site_name\" content=\"Immobilien in Zypern\" \/>\n<meta property=\"article:publisher\" content=\"https:\/\/www.facebook.com\/newlifeturkeyinalanya\/\" \/>\n<meta property=\"article:published_time\" content=\"2013-10-22T11:47:31+00:00\" \/>\n<meta property=\"og:image\" content=\"https:\/\/www.newlifecyprus.com\/wp-content\/uploads\/2013\/10\/kunstfestival.jpg\" \/>\n\t<meta property=\"og:image:width\" content=\"400\" \/>\n\t<meta property=\"og:image:height\" content=\"566\" \/>\n\t<meta property=\"og:image:type\" content=\"image\/jpeg\" \/>\n<meta name=\"author\" content=\"ivonne\" \/>\n<meta name=\"twitter:card\" content=\"summary_large_image\" \/>\n<meta name=\"twitter:creator\" content=\"@NewLifeAlanya\" \/>\n<meta name=\"twitter:site\" content=\"@NewLifeAlanya\" \/>\n<meta name=\"twitter:label1\" content=\"Verfasst von\" \/>\n\t<meta name=\"twitter:data1\" content=\"ivonne\" \/>\n<script type=\"application\/ld+json\" class=\"yoast-schema-graph\">{\"@context\":\"https:\/\/schema.org\",\"@graph\":[{\"@type\":\"Article\",\"@id\":\"https:\/\/www.newlifecyprus.com\/de\/neues\/internationales-kunstfestival-in-alanya\/#article\",\"isPartOf\":{\"@id\":\"https:\/\/www.newlifecyprus.com\/de\/neues\/internationales-kunstfestival-in-alanya\/\"},\"author\":{\"name\":\"ivonne\",\"@id\":\"https:\/\/www.newlifecyprus.com\/de\/#\/schema\/person\/5be5fa430d698f3cacddc6a8f0aeb1b5\"},\"headline\":\"Internationales Kunstfestival in Alanya\",\"datePublished\":\"2013-10-22T11:47:31+00:00\",\"mainEntityOfPage\":{\"@id\":\"https:\/\/www.newlifecyprus.com\/de\/neues\/internationales-kunstfestival-in-alanya\/\"},\"wordCount\":92,\"commentCount\":0,\"publisher\":{\"@id\":\"https:\/\/www.newlifecyprus.com\/de\/#organization\"},\"image\":{\"@id\":\"https:\/\/www.newlifecyprus.com\/de\/neues\/internationales-kunstfestival-in-alanya\/#primaryimage\"},\"thumbnailUrl\":\"https:\/\/www.newlifecyprus.com\/wp-content\/uploads\/2013\/10\/kunstfestival.jpg\",\"articleSection\":[\"Neues\"],\"inLanguage\":\"de-DE\"},{\"@type\":\"WebPage\",\"@id\":\"https:\/\/www.newlifecyprus.com\/de\/neues\/internationales-kunstfestival-in-alanya\/\",\"url\":\"https:\/\/www.newlifecyprus.com\/de\/neues\/internationales-kunstfestival-in-alanya\/\",\"name\":\"Internationales Kunstfestival in Alanya - Immobilien in Zypern\",\"isPartOf\":{\"@id\":\"https:\/\/www.newlifecyprus.com\/de\/#website\"},\"primaryImageOfPage\":{\"@id\":\"https:\/\/www.newlifecyprus.com\/de\/neues\/internationales-kunstfestival-in-alanya\/#primaryimage\"},\"image\":{\"@id\":\"https:\/\/www.newlifecyprus.com\/de\/neues\/internationales-kunstfestival-in-alanya\/#primaryimage\"},\"thumbnailUrl\":\"https:\/\/www.newlifecyprus.com\/wp-content\/uploads\/2013\/10\/kunstfestival.jpg\",\"datePublished\":\"2013-10-22T11:47:31+00:00\",\"breadcrumb\":{\"@id\":\"https:\/\/www.newlifecyprus.com\/de\/neues\/internationales-kunstfestival-in-alanya\/#breadcrumb\"},\"inLanguage\":\"de-DE\",\"potentialAction\":[{\"@type\":\"ReadAction\",\"target\":[\"https:\/\/www.newlifecyprus.com\/de\/neues\/internationales-kunstfestival-in-alanya\/\"]}]},{\"@type\":\"ImageObject\",\"inLanguage\":\"de-DE\",\"@id\":\"https:\/\/www.newlifecyprus.com\/de\/neues\/internationales-kunstfestival-in-alanya\/#primaryimage\",\"url\":\"https:\/\/www.newlifecyprus.com\/wp-content\/uploads\/2013\/10\/kunstfestival.jpg\",\"contentUrl\":\"https:\/\/www.newlifecyprus.com\/wp-content\/uploads\/2013\/10\/kunstfestival.jpg\",\"width\":400,\"height\":566},{\"@type\":\"BreadcrumbList\",\"@id\":\"https:\/\/www.newlifecyprus.com\/de\/neues\/internationales-kunstfestival-in-alanya\/#breadcrumb\",\"itemListElement\":[{\"@type\":\"ListItem\",\"position\":1,\"name\":\"Home\",\"item\":\"https:\/\/www.newlifecyprus.com\/de\/startseite\/\"},{\"@type\":\"ListItem\",\"position\":2,\"name\":\"Internationales Kunstfestival in Alanya\"}]},{\"@type\":\"WebSite\",\"@id\":\"https:\/\/www.newlifecyprus.com\/de\/#website\",\"url\":\"https:\/\/www.newlifecyprus.com\/de\/\",\"name\":\"Properties in Cyprus\",\"description\":\"New Life Cyprus\",\"publisher\":{\"@id\":\"https:\/\/www.newlifecyprus.com\/de\/#organization\"},\"potentialAction\":[{\"@type\":\"SearchAction\",\"target\":{\"@type\":\"EntryPoint\",\"urlTemplate\":\"https:\/\/www.newlifecyprus.com\/de\/?s={search_term_string}\"},\"query-input\":{\"@type\":\"PropertyValueSpecification\",\"valueRequired\":true,\"valueName\":\"search_term_string\"}}],\"inLanguage\":\"de-DE\"},{\"@type\":\"Organization\",\"@id\":\"https:\/\/www.newlifecyprus.com\/de\/#organization\",\"name\":\"Properties in Cyprus\",\"url\":\"https:\/\/www.newlifecyprus.com\/de\/\",\"logo\":{\"@type\":\"ImageObject\",\"inLanguage\":\"de-DE\",\"@id\":\"https:\/\/www.newlifecyprus.com\/de\/#\/schema\/logo\/image\/\",\"url\":\"https:\/\/www.newlifecyprus.com\/wp-content\/uploads\/2022\/05\/logo-205.png\",\"contentUrl\":\"https:\/\/www.newlifecyprus.com\/wp-content\/uploads\/2022\/05\/logo-205.png\",\"width\":205,\"height\":46,\"caption\":\"Properties in Cyprus\"},\"image\":{\"@id\":\"https:\/\/www.newlifecyprus.com\/de\/#\/schema\/logo\/image\/\"},\"sameAs\":[\"https:\/\/www.facebook.com\/newlifeturkeyinalanya\/\",\"https:\/\/x.com\/NewLifeAlanya\"]},{\"@type\":\"Person\",\"@id\":\"https:\/\/www.newlifecyprus.com\/de\/#\/schema\/person\/5be5fa430d698f3cacddc6a8f0aeb1b5\",\"name\":\"ivonne\",\"image\":{\"@type\":\"ImageObject\",\"inLanguage\":\"de-DE\",\"@id\":\"https:\/\/www.newlifecyprus.com\/de\/#\/schema\/person\/image\/\",\"url\":\"https:\/\/secure.gravatar.com\/avatar\/a35e164491724918adfa04c96b11cb7b?s=96&d=mm&r=g\",\"contentUrl\":\"https:\/\/secure.gravatar.com\/avatar\/a35e164491724918adfa04c96b11cb7b?s=96&d=mm&r=g\",\"caption\":\"ivonne\"}}]}<\/script>\n<!-- \/ Yoast SEO plugin. -->","yoast_head_json":{"title":"Internationales Kunstfestival in Alanya - Immobilien in Zypern","robots":{"index":"index","follow":"follow","max-snippet":"max-snippet:-1","max-image-preview":"max-image-preview:large","max-video-preview":"max-video-preview:-1"},"canonical":"https:\/\/www.newlifecyprus.com\/de\/neues\/internationales-kunstfestival-in-alanya\/","og_locale":"de_DE","og_type":"article","og_title":"Internationales Kunstfestival in Alanya - Immobilien in Zypern","og_description":"Der Ausl\u00e4nderbeirat der Stadt Alanya bereitet derzeit das 1. Internationale Kunstfestival (\u201cKunst ist die gemeinsame Sprache der Welt\u201d) vor. In Alanya lebende Residenten haben noch die M\u00f6glichkeit, ihre Beitr\u00e4ge und Kunstobjekte anzumelden. K\u00fcnstler der Fotografie, der Bildhauerei, der Malerei sind herzlich eingeladen an dem Festival teilzunehmen und ihre Objekte auszustellen.&nbsp; Anf\u00e4nger oder professionelle K\u00fcnstler, jeder kann bei dem tollen Event teilnehmen. Das Kunstfestival wird ...","og_url":"https:\/\/www.newlifecyprus.com\/de\/neues\/internationales-kunstfestival-in-alanya\/","og_site_name":"Immobilien in Zypern","article_publisher":"https:\/\/www.facebook.com\/newlifeturkeyinalanya\/","article_published_time":"2013-10-22T11:47:31+00:00","og_image":[{"width":400,"height":566,"url":"https:\/\/www.newlifecyprus.com\/wp-content\/uploads\/2013\/10\/kunstfestival.jpg","type":"image\/jpeg"}],"author":"ivonne","twitter_card":"summary_large_image","twitter_creator":"@NewLifeAlanya","twitter_site":"@NewLifeAlanya","twitter_misc":{"Verfasst von":"ivonne"},"schema":{"@context":"https:\/\/schema.org","@graph":[{"@type":"Article","@id":"https:\/\/www.newlifecyprus.com\/de\/neues\/internationales-kunstfestival-in-alanya\/#article","isPartOf":{"@id":"https:\/\/www.newlifecyprus.com\/de\/neues\/internationales-kunstfestival-in-alanya\/"},"author":{"name":"ivonne","@id":"https:\/\/www.newlifecyprus.com\/de\/#\/schema\/person\/5be5fa430d698f3cacddc6a8f0aeb1b5"},"headline":"Internationales Kunstfestival in Alanya","datePublished":"2013-10-22T11:47:31+00:00","mainEntityOfPage":{"@id":"https:\/\/www.newlifecyprus.com\/de\/neues\/internationales-kunstfestival-in-alanya\/"},"wordCount":92,"commentCount":0,"publisher":{"@id":"https:\/\/www.newlifecyprus.com\/de\/#organization"},"image":{"@id":"https:\/\/www.newlifecyprus.com\/de\/neues\/internationales-kunstfestival-in-alanya\/#primaryimage"},"thumbnailUrl":"https:\/\/www.newlifecyprus.com\/wp-content\/uploads\/2013\/10\/kunstfestival.jpg","articleSection":["Neues"],"inLanguage":"de-DE"},{"@type":"WebPage","@id":"https:\/\/www.newlifecyprus.com\/de\/neues\/internationales-kunstfestival-in-alanya\/","url":"https:\/\/www.newlifecyprus.com\/de\/neues\/internationales-kunstfestival-in-alanya\/","name":"Internationales Kunstfestival in Alanya - Immobilien in Zypern","isPartOf":{"@id":"https:\/\/www.newlifecyprus.com\/de\/#website"},"primaryImageOfPage":{"@id":"https:\/\/www.newlifecyprus.com\/de\/neues\/internationales-kunstfestival-in-alanya\/#primaryimage"},"image":{"@id":"https:\/\/www.newlifecyprus.com\/de\/neues\/internationales-kunstfestival-in-alanya\/#primaryimage"},"thumbnailUrl":"https:\/\/www.newlifecyprus.com\/wp-content\/uploads\/2013\/10\/kunstfestival.jpg","datePublished":"2013-10-22T11:47:31+00:00","breadcrumb":{"@id":"https:\/\/www.newlifecyprus.com\/de\/neues\/internationales-kunstfestival-in-alanya\/#breadcrumb"},"inLanguage":"de-DE","potentialAction":[{"@type":"ReadAction","target":["https:\/\/www.newlifecyprus.com\/de\/neues\/internationales-kunstfestival-in-alanya\/"]}]},{"@type":"ImageObject","inLanguage":"de-DE","@id":"https:\/\/www.newlifecyprus.com\/de\/neues\/internationales-kunstfestival-in-alanya\/#primaryimage","url":"https:\/\/www.newlifecyprus.com\/wp-content\/uploads\/2013\/10\/kunstfestival.jpg","contentUrl":"https:\/\/www.newlifecyprus.com\/wp-content\/uploads\/2013\/10\/kunstfestival.jpg","width":400,"height":566},{"@type":"BreadcrumbList","@id":"https:\/\/www.newlifecyprus.com\/de\/neues\/internationales-kunstfestival-in-alanya\/#breadcrumb","itemListElement":[{"@type":"ListItem","position":1,"name":"Home","item":"https:\/\/www.newlifecyprus.com\/de\/startseite\/"},{"@type":"ListItem","position":2,"name":"Internationales Kunstfestival in Alanya"}]},{"@type":"WebSite","@id":"https:\/\/www.newlifecyprus.com\/de\/#website","url":"https:\/\/www.newlifecyprus.com\/de\/","name":"Properties in Cyprus","description":"New Life Cyprus","publisher":{"@id":"https:\/\/www.newlifecyprus.com\/de\/#organization"},"potentialAction":[{"@type":"SearchAction","target":{"@type":"EntryPoint","urlTemplate":"https:\/\/www.newlifecyprus.com\/de\/?s={search_term_string}"},"query-input":{"@type":"PropertyValueSpecification","valueRequired":true,"valueName":"search_term_string"}}],"inLanguage":"de-DE"},{"@type":"Organization","@id":"https:\/\/www.newlifecyprus.com\/de\/#organization","name":"Properties in Cyprus","url":"https:\/\/www.newlifecyprus.com\/de\/","logo":{"@type":"ImageObject","inLanguage":"de-DE","@id":"https:\/\/www.newlifecyprus.com\/de\/#\/schema\/logo\/image\/","url":"https:\/\/www.newlifecyprus.com\/wp-content\/uploads\/2022\/05\/logo-205.png","contentUrl":"https:\/\/www.newlifecyprus.com\/wp-content\/uploads\/2022\/05\/logo-205.png","width":205,"height":46,"caption":"Properties in Cyprus"},"image":{"@id":"https:\/\/www.newlifecyprus.com\/de\/#\/schema\/logo\/image\/"},"sameAs":["https:\/\/www.facebook.com\/newlifeturkeyinalanya\/","https:\/\/x.com\/NewLifeAlanya"]},{"@type":"Person","@id":"https:\/\/www.newlifecyprus.com\/de\/#\/schema\/person\/5be5fa430d698f3cacddc6a8f0aeb1b5","name":"ivonne","image":{"@type":"ImageObject","inLanguage":"de-DE","@id":"https:\/\/www.newlifecyprus.com\/de\/#\/schema\/person\/image\/","url":"https:\/\/secure.gravatar.com\/avatar\/a35e164491724918adfa04c96b11cb7b?s=96&d=mm&r=g","contentUrl":"https:\/\/secure.gravatar.com\/avatar\/a35e164491724918adfa04c96b11cb7b?s=96&d=mm&r=g","caption":"ivonne"}}]}},"_links":{"self":[{"href":"https:\/\/www.newlifecyprus.com\/de\/wp-json\/wp\/v2\/posts\/20783"}],"collection":[{"href":"https:\/\/www.newlifecyprus.com\/de\/wp-json\/wp\/v2\/posts"}],"about":[{"href":"https:\/\/www.newlifecyprus.com\/de\/wp-json\/wp\/v2\/types\/post"}],"author":[{"embeddable":true,"href":"https:\/\/www.newlifecyprus.com\/de\/wp-json\/wp\/v2\/users\/3"}],"replies":[{"embeddable":true,"href":"https:\/\/www.newlifecyprus.com\/de\/wp-json\/wp\/v2\/comments?post=20783"}],"version-history":[{"count":0,"href":"https:\/\/www.newlifecyprus.com\/de\/wp-json\/wp\/v2\/posts\/20783\/revisions"}],"wp:featuredmedia":[{"embeddable":true,"href":"https:\/\/www.newlifecyprus.com\/de\/wp-json\/wp\/v2\/media\/20777"}],"wp:attachment":[{"href":"https:\/\/www.newlifecyprus.com\/de\/wp-json\/wp\/v2\/media?parent=20783"}],"wp:term":[{"taxonomy":"category","embeddable":true,"href":"https:\/\/www.newlifecyprus.com\/de\/wp-json\/wp\/v2\/categories?post=20783"},{"taxonomy":"post_tag","embeddable":true,"href":"https:\/\/www.newlifecyprus.com\/de\/wp-json\/wp\/v2\/tags?post=20783"}],"curies":[{"name":"wp","href":"https:\/\/api.w.org\/{rel}","templated":true}]}}