{"id":20904,"date":"2014-05-23T13:45:09","date_gmt":"2014-05-23T13:45:09","guid":{"rendered":"http:\/\/new.newlifeturkey.com\/index.php\/2014\/05\/23\/tourismus-festival-in-alanya\/"},"modified":"2014-05-23T13:45:09","modified_gmt":"2014-05-23T13:45:09","slug":"tourismus-festival-in-alanya","status":"publish","type":"post","link":"https:\/\/www.newlifecyprus.com\/de\/neues\/tourismus-festival-in-alanya\/","title":{"rendered":"Tourismus Festival in Alanya"},"content":{"rendered":"<p style=\"text-align: justify;\"> \t<img fetchpriority=\"high\" decoding=\"async\" class=\" alignleft size-full wp-image-20898\" alt=\"\" src=\"http:\/\/new.newlifeturkey.com\/wp-content\/uploads\/2014\/05\/Festival.jpg\" style=\"width: 175px; height: 150px; border-width: 1px; border-style: solid; margin: 4px; float: left;\" width=\"1200\" height=\"686\" srcset=\"https:\/\/www.newlifecyprus.com\/wp-content\/uploads\/2014\/05\/Festival.jpg 1200w, https:\/\/www.newlifecyprus.com\/wp-content\/uploads\/2014\/05\/Festival-300x172.jpg 300w, https:\/\/www.newlifecyprus.com\/wp-content\/uploads\/2014\/05\/Festival-768x439.jpg 768w, https:\/\/www.newlifecyprus.com\/wp-content\/uploads\/2014\/05\/Festival-1024x585.jpg 1024w, https:\/\/www.newlifecyprus.com\/wp-content\/uploads\/2014\/05\/Festival-143x83.jpg 143w\" sizes=\"(max-width: 1200px) 100vw, 1200px\" \/>Auch in diesem Jahr finden wieder das lang erwartete Tourismus Festival statt. Die Vorbereitungen laufen bereits auf Hochtouren f\u00fcr das Spektakel, das in diesem Jahre zwischen dem 31.05. \u2013 02.06.2014 stattfinden wird. Neben unz\u00e4hligen St\u00e4nden werden in diesem Jahr auch Repr\u00e4sentanten unserer Partnerst\u00e4tte an dem Festival teilnehmen.<\/p>\n<p style=\"text-align: justify;\"> \tWie in jedem Jahr finden auch diesmal wieder tolle Konzerte auf dem Platz hinter dem Rathaus statt:<\/p>\n<p style=\"text-align: justify;\"> \t&nbsp;<\/p>\n<p style=\"text-align: justify;\"> \t&nbsp;<\/p>\n<p style=\"text-align: justify;\"> \t31.05.2014:&nbsp;&nbsp;&nbsp;&nbsp; 21:00 Uhr DJ Haluk Saritas<br \/> \t&nbsp; &nbsp; &nbsp; &nbsp; &nbsp; &nbsp; &nbsp; &nbsp; &nbsp; &nbsp; &nbsp; &nbsp; &nbsp; 22:00 Uhr G\u00fclben Ergen<br \/> \t01.06.2014:&nbsp;&nbsp;&nbsp;&nbsp; 21:00 Uhr DJ Murat Duran<br \/> \t&nbsp; &nbsp; &nbsp; &nbsp; &nbsp; &nbsp; &nbsp; &nbsp; &nbsp; &nbsp; &nbsp; &nbsp; &nbsp; 22:00 Uhr G\u00fclsen<br \/> \t02.06.2014:&nbsp;&nbsp;&nbsp;&nbsp; 21:00 Uhr Ozan Dogulu<br \/> \t&nbsp; &nbsp; &nbsp; &nbsp; &nbsp; &nbsp; &nbsp; &nbsp; &nbsp; &nbsp; &nbsp; &nbsp; &nbsp; 22:00 Uhr Rafet El Roman<\/p>\n","protected":false},"excerpt":{"rendered":"<p>Auch in diesem Jahr finden wieder das lang erwartete Tourismus Festival statt. Die Vorbereitungen laufen bereits auf Hochtouren f\u00fcr das Spektakel, das in diesem Jahre zwischen dem 31.05. \u2013 02.06.2014 stattfinden wird. Neben unz\u00e4hligen St\u00e4nden werden in diesem Jahr auch Repr\u00e4sentanten unserer Partnerst\u00e4tte an dem Festival teilnehmen. Wie in jedem Jahr finden auch diesmal wieder tolle Konzerte auf dem Platz hinter dem Rathaus statt: &#8230;<\/p>\n","protected":false},"author":3,"featured_media":20898,"comment_status":"open","ping_status":"open","sticky":false,"template":"","format":"standard","meta":{"footnotes":""},"categories":[74],"tags":[],"class_list":["post-20904","post","type-post","status-publish","format-standard","has-post-thumbnail","hentry","category-neues"],"yoast_head":"<!-- This site is optimized with the Yoast SEO plugin v25.3 - https:\/\/yoast.com\/wordpress\/plugins\/seo\/ -->\n<title>Tourismus Festival in Alanya - Immobilien in Zypern<\/title>\n<meta name=\"robots\" content=\"index, follow, max-snippet:-1, max-image-preview:large, max-video-preview:-1\" \/>\n<link rel=\"canonical\" href=\"https:\/\/www.newlifecyprus.com\/de\/neues\/tourismus-festival-in-alanya\/\" \/>\n<meta property=\"og:locale\" content=\"de_DE\" \/>\n<meta property=\"og:type\" content=\"article\" \/>\n<meta property=\"og:title\" content=\"Tourismus Festival in Alanya - Immobilien in Zypern\" \/>\n<meta property=\"og:description\" content=\"Auch in diesem Jahr finden wieder das lang erwartete Tourismus Festival statt. Die Vorbereitungen laufen bereits auf Hochtouren f\u00fcr das Spektakel, das in diesem Jahre zwischen dem 31.05. \u2013 02.06.2014 stattfinden wird. Neben unz\u00e4hligen St\u00e4nden werden in diesem Jahr auch Repr\u00e4sentanten unserer Partnerst\u00e4tte an dem Festival teilnehmen. Wie in jedem Jahr finden auch diesmal wieder tolle Konzerte auf dem Platz hinter dem Rathaus statt: ...\" \/>\n<meta property=\"og:url\" content=\"https:\/\/www.newlifecyprus.com\/de\/neues\/tourismus-festival-in-alanya\/\" \/>\n<meta property=\"og:site_name\" content=\"Immobilien in Zypern\" \/>\n<meta property=\"article:publisher\" content=\"https:\/\/www.facebook.com\/newlifeturkeyinalanya\/\" \/>\n<meta property=\"article:published_time\" content=\"2014-05-23T13:45:09+00:00\" \/>\n<meta property=\"og:image\" content=\"https:\/\/www.newlifecyprus.com\/wp-content\/uploads\/2014\/05\/Festival.jpg\" \/>\n\t<meta property=\"og:image:width\" content=\"1200\" \/>\n\t<meta property=\"og:image:height\" content=\"686\" \/>\n\t<meta property=\"og:image:type\" content=\"image\/jpeg\" \/>\n<meta name=\"author\" content=\"ivonne\" \/>\n<meta name=\"twitter:card\" content=\"summary_large_image\" \/>\n<meta name=\"twitter:creator\" content=\"@NewLifeAlanya\" \/>\n<meta name=\"twitter:site\" content=\"@NewLifeAlanya\" \/>\n<meta name=\"twitter:label1\" content=\"Verfasst von\" \/>\n\t<meta name=\"twitter:data1\" content=\"ivonne\" \/>\n\t<meta name=\"twitter:label2\" content=\"Gesch\u00e4tzte Lesezeit\" \/>\n\t<meta name=\"twitter:data2\" content=\"1 Minute\" \/>\n<script type=\"application\/ld+json\" class=\"yoast-schema-graph\">{\"@context\":\"https:\/\/schema.org\",\"@graph\":[{\"@type\":\"Article\",\"@id\":\"https:\/\/www.newlifecyprus.com\/de\/neues\/tourismus-festival-in-alanya\/#article\",\"isPartOf\":{\"@id\":\"https:\/\/www.newlifecyprus.com\/de\/neues\/tourismus-festival-in-alanya\/\"},\"author\":{\"name\":\"ivonne\",\"@id\":\"https:\/\/www.newlifecyprus.com\/de\/#\/schema\/person\/5be5fa430d698f3cacddc6a8f0aeb1b5\"},\"headline\":\"Tourismus Festival in Alanya\",\"datePublished\":\"2014-05-23T13:45:09+00:00\",\"mainEntityOfPage\":{\"@id\":\"https:\/\/www.newlifecyprus.com\/de\/neues\/tourismus-festival-in-alanya\/\"},\"wordCount\":145,\"commentCount\":0,\"publisher\":{\"@id\":\"https:\/\/www.newlifecyprus.com\/de\/#organization\"},\"image\":{\"@id\":\"https:\/\/www.newlifecyprus.com\/de\/neues\/tourismus-festival-in-alanya\/#primaryimage\"},\"thumbnailUrl\":\"https:\/\/www.newlifecyprus.com\/wp-content\/uploads\/2014\/05\/Festival.jpg\",\"articleSection\":[\"Neues\"],\"inLanguage\":\"de-DE\"},{\"@type\":\"WebPage\",\"@id\":\"https:\/\/www.newlifecyprus.com\/de\/neues\/tourismus-festival-in-alanya\/\",\"url\":\"https:\/\/www.newlifecyprus.com\/de\/neues\/tourismus-festival-in-alanya\/\",\"name\":\"Tourismus Festival in Alanya - Immobilien in Zypern\",\"isPartOf\":{\"@id\":\"https:\/\/www.newlifecyprus.com\/de\/#website\"},\"primaryImageOfPage\":{\"@id\":\"https:\/\/www.newlifecyprus.com\/de\/neues\/tourismus-festival-in-alanya\/#primaryimage\"},\"image\":{\"@id\":\"https:\/\/www.newlifecyprus.com\/de\/neues\/tourismus-festival-in-alanya\/#primaryimage\"},\"thumbnailUrl\":\"https:\/\/www.newlifecyprus.com\/wp-content\/uploads\/2014\/05\/Festival.jpg\",\"datePublished\":\"2014-05-23T13:45:09+00:00\",\"breadcrumb\":{\"@id\":\"https:\/\/www.newlifecyprus.com\/de\/neues\/tourismus-festival-in-alanya\/#breadcrumb\"},\"inLanguage\":\"de-DE\",\"potentialAction\":[{\"@type\":\"ReadAction\",\"target\":[\"https:\/\/www.newlifecyprus.com\/de\/neues\/tourismus-festival-in-alanya\/\"]}]},{\"@type\":\"ImageObject\",\"inLanguage\":\"de-DE\",\"@id\":\"https:\/\/www.newlifecyprus.com\/de\/neues\/tourismus-festival-in-alanya\/#primaryimage\",\"url\":\"https:\/\/www.newlifecyprus.com\/wp-content\/uploads\/2014\/05\/Festival.jpg\",\"contentUrl\":\"https:\/\/www.newlifecyprus.com\/wp-content\/uploads\/2014\/05\/Festival.jpg\",\"width\":1200,\"height\":686},{\"@type\":\"BreadcrumbList\",\"@id\":\"https:\/\/www.newlifecyprus.com\/de\/neues\/tourismus-festival-in-alanya\/#breadcrumb\",\"itemListElement\":[{\"@type\":\"ListItem\",\"position\":1,\"name\":\"Home\",\"item\":\"https:\/\/www.newlifecyprus.com\/de\/startseite\/\"},{\"@type\":\"ListItem\",\"position\":2,\"name\":\"Tourismus Festival in Alanya\"}]},{\"@type\":\"WebSite\",\"@id\":\"https:\/\/www.newlifecyprus.com\/de\/#website\",\"url\":\"https:\/\/www.newlifecyprus.com\/de\/\",\"name\":\"Properties in Cyprus\",\"description\":\"New Life Cyprus\",\"publisher\":{\"@id\":\"https:\/\/www.newlifecyprus.com\/de\/#organization\"},\"potentialAction\":[{\"@type\":\"SearchAction\",\"target\":{\"@type\":\"EntryPoint\",\"urlTemplate\":\"https:\/\/www.newlifecyprus.com\/de\/?s={search_term_string}\"},\"query-input\":{\"@type\":\"PropertyValueSpecification\",\"valueRequired\":true,\"valueName\":\"search_term_string\"}}],\"inLanguage\":\"de-DE\"},{\"@type\":\"Organization\",\"@id\":\"https:\/\/www.newlifecyprus.com\/de\/#organization\",\"name\":\"Properties in Cyprus\",\"url\":\"https:\/\/www.newlifecyprus.com\/de\/\",\"logo\":{\"@type\":\"ImageObject\",\"inLanguage\":\"de-DE\",\"@id\":\"https:\/\/www.newlifecyprus.com\/de\/#\/schema\/logo\/image\/\",\"url\":\"https:\/\/www.newlifecyprus.com\/wp-content\/uploads\/2022\/05\/logo-205.png\",\"contentUrl\":\"https:\/\/www.newlifecyprus.com\/wp-content\/uploads\/2022\/05\/logo-205.png\",\"width\":205,\"height\":46,\"caption\":\"Properties in Cyprus\"},\"image\":{\"@id\":\"https:\/\/www.newlifecyprus.com\/de\/#\/schema\/logo\/image\/\"},\"sameAs\":[\"https:\/\/www.facebook.com\/newlifeturkeyinalanya\/\",\"https:\/\/x.com\/NewLifeAlanya\"]},{\"@type\":\"Person\",\"@id\":\"https:\/\/www.newlifecyprus.com\/de\/#\/schema\/person\/5be5fa430d698f3cacddc6a8f0aeb1b5\",\"name\":\"ivonne\",\"image\":{\"@type\":\"ImageObject\",\"inLanguage\":\"de-DE\",\"@id\":\"https:\/\/www.newlifecyprus.com\/de\/#\/schema\/person\/image\/\",\"url\":\"https:\/\/secure.gravatar.com\/avatar\/a35e164491724918adfa04c96b11cb7b?s=96&d=mm&r=g\",\"contentUrl\":\"https:\/\/secure.gravatar.com\/avatar\/a35e164491724918adfa04c96b11cb7b?s=96&d=mm&r=g\",\"caption\":\"ivonne\"}}]}<\/script>\n<!-- \/ Yoast SEO plugin. -->","yoast_head_json":{"title":"Tourismus Festival in Alanya - Immobilien in Zypern","robots":{"index":"index","follow":"follow","max-snippet":"max-snippet:-1","max-image-preview":"max-image-preview:large","max-video-preview":"max-video-preview:-1"},"canonical":"https:\/\/www.newlifecyprus.com\/de\/neues\/tourismus-festival-in-alanya\/","og_locale":"de_DE","og_type":"article","og_title":"Tourismus Festival in Alanya - Immobilien in Zypern","og_description":"Auch in diesem Jahr finden wieder das lang erwartete Tourismus Festival statt. Die Vorbereitungen laufen bereits auf Hochtouren f\u00fcr das Spektakel, das in diesem Jahre zwischen dem 31.05. \u2013 02.06.2014 stattfinden wird. Neben unz\u00e4hligen St\u00e4nden werden in diesem Jahr auch Repr\u00e4sentanten unserer Partnerst\u00e4tte an dem Festival teilnehmen. Wie in jedem Jahr finden auch diesmal wieder tolle Konzerte auf dem Platz hinter dem Rathaus statt: ...","og_url":"https:\/\/www.newlifecyprus.com\/de\/neues\/tourismus-festival-in-alanya\/","og_site_name":"Immobilien in Zypern","article_publisher":"https:\/\/www.facebook.com\/newlifeturkeyinalanya\/","article_published_time":"2014-05-23T13:45:09+00:00","og_image":[{"width":1200,"height":686,"url":"https:\/\/www.newlifecyprus.com\/wp-content\/uploads\/2014\/05\/Festival.jpg","type":"image\/jpeg"}],"author":"ivonne","twitter_card":"summary_large_image","twitter_creator":"@NewLifeAlanya","twitter_site":"@NewLifeAlanya","twitter_misc":{"Verfasst von":"ivonne","Gesch\u00e4tzte Lesezeit":"1 Minute"},"schema":{"@context":"https:\/\/schema.org","@graph":[{"@type":"Article","@id":"https:\/\/www.newlifecyprus.com\/de\/neues\/tourismus-festival-in-alanya\/#article","isPartOf":{"@id":"https:\/\/www.newlifecyprus.com\/de\/neues\/tourismus-festival-in-alanya\/"},"author":{"name":"ivonne","@id":"https:\/\/www.newlifecyprus.com\/de\/#\/schema\/person\/5be5fa430d698f3cacddc6a8f0aeb1b5"},"headline":"Tourismus Festival in Alanya","datePublished":"2014-05-23T13:45:09+00:00","mainEntityOfPage":{"@id":"https:\/\/www.newlifecyprus.com\/de\/neues\/tourismus-festival-in-alanya\/"},"wordCount":145,"commentCount":0,"publisher":{"@id":"https:\/\/www.newlifecyprus.com\/de\/#organization"},"image":{"@id":"https:\/\/www.newlifecyprus.com\/de\/neues\/tourismus-festival-in-alanya\/#primaryimage"},"thumbnailUrl":"https:\/\/www.newlifecyprus.com\/wp-content\/uploads\/2014\/05\/Festival.jpg","articleSection":["Neues"],"inLanguage":"de-DE"},{"@type":"WebPage","@id":"https:\/\/www.newlifecyprus.com\/de\/neues\/tourismus-festival-in-alanya\/","url":"https:\/\/www.newlifecyprus.com\/de\/neues\/tourismus-festival-in-alanya\/","name":"Tourismus Festival in Alanya - Immobilien in Zypern","isPartOf":{"@id":"https:\/\/www.newlifecyprus.com\/de\/#website"},"primaryImageOfPage":{"@id":"https:\/\/www.newlifecyprus.com\/de\/neues\/tourismus-festival-in-alanya\/#primaryimage"},"image":{"@id":"https:\/\/www.newlifecyprus.com\/de\/neues\/tourismus-festival-in-alanya\/#primaryimage"},"thumbnailUrl":"https:\/\/www.newlifecyprus.com\/wp-content\/uploads\/2014\/05\/Festival.jpg","datePublished":"2014-05-23T13:45:09+00:00","breadcrumb":{"@id":"https:\/\/www.newlifecyprus.com\/de\/neues\/tourismus-festival-in-alanya\/#breadcrumb"},"inLanguage":"de-DE","potentialAction":[{"@type":"ReadAction","target":["https:\/\/www.newlifecyprus.com\/de\/neues\/tourismus-festival-in-alanya\/"]}]},{"@type":"ImageObject","inLanguage":"de-DE","@id":"https:\/\/www.newlifecyprus.com\/de\/neues\/tourismus-festival-in-alanya\/#primaryimage","url":"https:\/\/www.newlifecyprus.com\/wp-content\/uploads\/2014\/05\/Festival.jpg","contentUrl":"https:\/\/www.newlifecyprus.com\/wp-content\/uploads\/2014\/05\/Festival.jpg","width":1200,"height":686},{"@type":"BreadcrumbList","@id":"https:\/\/www.newlifecyprus.com\/de\/neues\/tourismus-festival-in-alanya\/#breadcrumb","itemListElement":[{"@type":"ListItem","position":1,"name":"Home","item":"https:\/\/www.newlifecyprus.com\/de\/startseite\/"},{"@type":"ListItem","position":2,"name":"Tourismus Festival in Alanya"}]},{"@type":"WebSite","@id":"https:\/\/www.newlifecyprus.com\/de\/#website","url":"https:\/\/www.newlifecyprus.com\/de\/","name":"Properties in Cyprus","description":"New Life Cyprus","publisher":{"@id":"https:\/\/www.newlifecyprus.com\/de\/#organization"},"potentialAction":[{"@type":"SearchAction","target":{"@type":"EntryPoint","urlTemplate":"https:\/\/www.newlifecyprus.com\/de\/?s={search_term_string}"},"query-input":{"@type":"PropertyValueSpecification","valueRequired":true,"valueName":"search_term_string"}}],"inLanguage":"de-DE"},{"@type":"Organization","@id":"https:\/\/www.newlifecyprus.com\/de\/#organization","name":"Properties in Cyprus","url":"https:\/\/www.newlifecyprus.com\/de\/","logo":{"@type":"ImageObject","inLanguage":"de-DE","@id":"https:\/\/www.newlifecyprus.com\/de\/#\/schema\/logo\/image\/","url":"https:\/\/www.newlifecyprus.com\/wp-content\/uploads\/2022\/05\/logo-205.png","contentUrl":"https:\/\/www.newlifecyprus.com\/wp-content\/uploads\/2022\/05\/logo-205.png","width":205,"height":46,"caption":"Properties in Cyprus"},"image":{"@id":"https:\/\/www.newlifecyprus.com\/de\/#\/schema\/logo\/image\/"},"sameAs":["https:\/\/www.facebook.com\/newlifeturkeyinalanya\/","https:\/\/x.com\/NewLifeAlanya"]},{"@type":"Person","@id":"https:\/\/www.newlifecyprus.com\/de\/#\/schema\/person\/5be5fa430d698f3cacddc6a8f0aeb1b5","name":"ivonne","image":{"@type":"ImageObject","inLanguage":"de-DE","@id":"https:\/\/www.newlifecyprus.com\/de\/#\/schema\/person\/image\/","url":"https:\/\/secure.gravatar.com\/avatar\/a35e164491724918adfa04c96b11cb7b?s=96&d=mm&r=g","contentUrl":"https:\/\/secure.gravatar.com\/avatar\/a35e164491724918adfa04c96b11cb7b?s=96&d=mm&r=g","caption":"ivonne"}}]}},"_links":{"self":[{"href":"https:\/\/www.newlifecyprus.com\/de\/wp-json\/wp\/v2\/posts\/20904"}],"collection":[{"href":"https:\/\/www.newlifecyprus.com\/de\/wp-json\/wp\/v2\/posts"}],"about":[{"href":"https:\/\/www.newlifecyprus.com\/de\/wp-json\/wp\/v2\/types\/post"}],"author":[{"embeddable":true,"href":"https:\/\/www.newlifecyprus.com\/de\/wp-json\/wp\/v2\/users\/3"}],"replies":[{"embeddable":true,"href":"https:\/\/www.newlifecyprus.com\/de\/wp-json\/wp\/v2\/comments?post=20904"}],"version-history":[{"count":0,"href":"https:\/\/www.newlifecyprus.com\/de\/wp-json\/wp\/v2\/posts\/20904\/revisions"}],"wp:featuredmedia":[{"embeddable":true,"href":"https:\/\/www.newlifecyprus.com\/de\/wp-json\/wp\/v2\/media\/20898"}],"wp:attachment":[{"href":"https:\/\/www.newlifecyprus.com\/de\/wp-json\/wp\/v2\/media?parent=20904"}],"wp:term":[{"taxonomy":"category","embeddable":true,"href":"https:\/\/www.newlifecyprus.com\/de\/wp-json\/wp\/v2\/categories?post=20904"},{"taxonomy":"post_tag","embeddable":true,"href":"https:\/\/www.newlifecyprus.com\/de\/wp-json\/wp\/v2\/tags?post=20904"}],"curies":[{"name":"wp","href":"https:\/\/api.w.org\/{rel}","templated":true}]}}