{"id":21038,"date":"2016-04-22T13:30:15","date_gmt":"2016-04-22T13:30:15","guid":{"rendered":"http:\/\/new.newlifeturkey.com\/index.php\/2016\/04\/22\/expo-2016-in-antalya-wird-eroeffnet\/"},"modified":"2016-04-22T13:30:15","modified_gmt":"2016-04-22T13:30:15","slug":"expo-2016-in-antalya-wird-eroeffnet","status":"publish","type":"post","link":"https:\/\/www.newlifecyprus.com\/de\/neues\/expo-2016-in-antalya-wird-eroeffnet\/","title":{"rendered":"EXPO 2016 in Antalya wird er\u00f6ffnet"},"content":{"rendered":"<p style=\"text-align: justify;\"> \t<img fetchpriority=\"high\" decoding=\"async\" class=\" alignleft size-full wp-image-21032\" alt=\"\" src=\"http:\/\/new.newlifeturkey.com\/wp-content\/uploads\/2016\/04\/expo2016.jpg\" style=\"width: 175px; height: 150px; border-width: 1px; border-style: solid; margin: 4px; float: left;\" width=\"500\" height=\"415\" srcset=\"https:\/\/www.newlifecyprus.com\/wp-content\/uploads\/2016\/04\/expo2016.jpg 500w, https:\/\/www.newlifecyprus.com\/wp-content\/uploads\/2016\/04\/expo2016-300x249.jpg 300w\" sizes=\"(max-width: 500px) 100vw, 500px\" \/><\/p>\n<div style=\"text-align: justify;\"> \tDieses Jahr feiert Antalya am 23. April neben dem offiziellen Kindertag auch die Er\u00f6ffnung der Internationalen Botanischen Ausstellung EXPO 2016.<\/div>\n<div style=\"text-align: justify;\"> \t&nbsp;<\/div>\n<div style=\"text-align: justify;\"> \tEtwa 8 Millionen Besucher werden erwartet, um die Expo 2016 zu besuchen. Die Baukosten f\u00fcr dieses Megaprojekt beliefen sich auf 1,7 Milliarden TL ($ 600.000.000). An der EXPO nehmen mehr als 30 L\u00e4ndern teil, so z.B. der Sudan, Katar, Gro\u00dfbritanien und die Niederlande.<\/div>\n<div style=\"text-align: justify;\"> \t&nbsp;<\/div>\n<div style=\"text-align: justify;\"> \tDie EXPO 2016 z\u00e4hlt als gr\u00f6\u00dfte Ausstellung in der T\u00fcrkei und wirkt sich auch positiv auf die Tourismusbranche in Antalya aus. Zum Symbol der EXPO 2016 wurde Pfingstrose gew\u00e4hlt. In der T\u00fcrkei ist die Pfingstrose als Heilpflanze bekannt. In anderen L\u00e4ndern wird sie auch oft als &#8222;K\u00f6nigin der Blumen&#8220; bezeichnet.<\/div>\n<div style=\"text-align: justify;\"> \t&nbsp;<\/div>\n<div style=\"text-align: justify;\"> \tDie teilnehmenden L\u00e4nder stellen aber nicht nur ihre Pflanzenvielfalt aus, sondern auch Architektur. So entstand unter anderem ein chinesischer Pavillon. Nepal zum Beispiel pr\u00e4sentiert ihren &#8222;Garten des Himalaya&#8220; und die T\u00fcrkei einen Osmanischen Garten mit Springbrunnen, Statuen, einer Sonnenuhr und Natursteinwegen. Auf der EXPO wurden 120 verschiedene Pflanzenarten, darunter 25.000 B\u00e4ume gepflanzt.&nbsp;<\/div>\n<div style=\"text-align: justify;\"> \t&nbsp;<\/div>\n<div style=\"text-align: justify;\"> \tEXPO Turm<\/div>\n<div style=\"text-align: justify;\"> \tDie Turmh\u00f6he betr\u00e4gt mehr als 100 Meter und befindet sich im n\u00f6rdlichen Teil der Expo. Das Design wurde bei einem Wettbewerb unter 127 Designs ausgew\u00e4hlt. Vom Turm aus kann der Messebesucher einen Rundum-Blick auf das Expo-Gel\u00e4nde genie\u00dfen, sowie auf die Stadt und das Meer.<\/div>\n<div style=\"text-align: justify;\"> \t&nbsp;<\/div>\n<div style=\"text-align: justify;\"> \tMuseum der Artenvielfalt<\/div>\n<div style=\"text-align: justify;\"> \tEs ist das erste Museum in der T\u00fcrkei, in dem Landwirtschaft und biologische Vielfalt sowie eine Sammlung von Pflanzen vorgestellt wird. Das Museum bietet seinen Besuchern Artenvielfalt auf 3000 Quadratmetern. Im Inneren gibt es drei Abschnitte mit unterschiedlichen klimatischen Bedingungen.&nbsp;<\/div>\n<div style=\"text-align: justify;\"> \t&nbsp;<\/div>\n<div style=\"text-align: justify;\"> \tNeben all den Pflanzen wird dem Besucher auch Kulinarisches geboten. Die Besucher haben die M\u00f6glichkeit, Gerichte der nationalen K\u00fcche von Antalya, Istanbul, Diyarbak\u0131r, Trabzon, Bodrum, Istanbul und Konya zu versuchen.<\/div>\n<div style=\"text-align: justify;\"> \t&nbsp;<\/div>\n<div style=\"text-align: justify;\"> \tDie EXPO 2016 in Antalya hat des Weiteren noch viel mehr zu bieten und ein Besuch lohnt sich auf jeden Fall.<\/div>\n","protected":false},"excerpt":{"rendered":"<p>Dieses Jahr feiert Antalya am 23. April neben dem offiziellen Kindertag auch die Er\u00f6ffnung der Internationalen Botanischen Ausstellung EXPO 2016. &nbsp; Etwa 8 Millionen Besucher werden erwartet, um die Expo 2016 zu besuchen. Die Baukosten f\u00fcr dieses Megaprojekt beliefen sich auf 1,7 Milliarden TL ($ 600.000.000). An der EXPO nehmen mehr als 30 L\u00e4ndern teil, so z.B. der Sudan, Katar, Gro\u00dfbritanien und die Niederlande. &#8230;<\/p>\n","protected":false},"author":3,"featured_media":21032,"comment_status":"open","ping_status":"open","sticky":false,"template":"","format":"standard","meta":{"footnotes":""},"categories":[74],"tags":[],"class_list":["post-21038","post","type-post","status-publish","format-standard","has-post-thumbnail","hentry","category-neues"],"yoast_head":"<!-- This site is optimized with the Yoast SEO plugin v25.3 - https:\/\/yoast.com\/wordpress\/plugins\/seo\/ -->\n<title>EXPO 2016 in Antalya wird er\u00f6ffnet - Immobilien in Zypern<\/title>\n<meta name=\"robots\" content=\"index, follow, max-snippet:-1, max-image-preview:large, max-video-preview:-1\" \/>\n<link rel=\"canonical\" href=\"https:\/\/www.newlifecyprus.com\/de\/neues\/expo-2016-in-antalya-wird-eroeffnet\/\" \/>\n<meta property=\"og:locale\" content=\"de_DE\" \/>\n<meta property=\"og:type\" content=\"article\" \/>\n<meta property=\"og:title\" content=\"EXPO 2016 in Antalya wird er\u00f6ffnet - Immobilien in Zypern\" \/>\n<meta property=\"og:description\" content=\"Dieses Jahr feiert Antalya am 23. April neben dem offiziellen Kindertag auch die Er\u00f6ffnung der Internationalen Botanischen Ausstellung EXPO 2016. &nbsp; Etwa 8 Millionen Besucher werden erwartet, um die Expo 2016 zu besuchen. Die Baukosten f\u00fcr dieses Megaprojekt beliefen sich auf 1,7 Milliarden TL ($ 600.000.000). An der EXPO nehmen mehr als 30 L\u00e4ndern teil, so z.B. der Sudan, Katar, Gro\u00dfbritanien und die Niederlande. ...\" \/>\n<meta property=\"og:url\" content=\"https:\/\/www.newlifecyprus.com\/de\/neues\/expo-2016-in-antalya-wird-eroeffnet\/\" \/>\n<meta property=\"og:site_name\" content=\"Immobilien in Zypern\" \/>\n<meta property=\"article:publisher\" content=\"https:\/\/www.facebook.com\/newlifeturkeyinalanya\/\" \/>\n<meta property=\"article:published_time\" content=\"2016-04-22T13:30:15+00:00\" \/>\n<meta property=\"og:image\" content=\"https:\/\/www.newlifecyprus.com\/wp-content\/uploads\/2016\/04\/expo2016.jpg\" \/>\n\t<meta property=\"og:image:width\" content=\"500\" \/>\n\t<meta property=\"og:image:height\" content=\"415\" \/>\n\t<meta property=\"og:image:type\" content=\"image\/jpeg\" \/>\n<meta name=\"author\" content=\"ivonne\" \/>\n<meta name=\"twitter:card\" content=\"summary_large_image\" \/>\n<meta name=\"twitter:creator\" content=\"@NewLifeAlanya\" \/>\n<meta name=\"twitter:site\" content=\"@NewLifeAlanya\" \/>\n<meta name=\"twitter:label1\" content=\"Verfasst von\" \/>\n\t<meta name=\"twitter:data1\" content=\"ivonne\" \/>\n\t<meta name=\"twitter:label2\" content=\"Gesch\u00e4tzte Lesezeit\" \/>\n\t<meta name=\"twitter:data2\" content=\"2 Minuten\" \/>\n<script type=\"application\/ld+json\" class=\"yoast-schema-graph\">{\"@context\":\"https:\/\/schema.org\",\"@graph\":[{\"@type\":\"Article\",\"@id\":\"https:\/\/www.newlifecyprus.com\/de\/neues\/expo-2016-in-antalya-wird-eroeffnet\/#article\",\"isPartOf\":{\"@id\":\"https:\/\/www.newlifecyprus.com\/de\/neues\/expo-2016-in-antalya-wird-eroeffnet\/\"},\"author\":{\"name\":\"ivonne\",\"@id\":\"https:\/\/www.newlifecyprus.com\/de\/#\/schema\/person\/5be5fa430d698f3cacddc6a8f0aeb1b5\"},\"headline\":\"EXPO 2016 in Antalya wird er\u00f6ffnet\",\"datePublished\":\"2016-04-22T13:30:15+00:00\",\"mainEntityOfPage\":{\"@id\":\"https:\/\/www.newlifecyprus.com\/de\/neues\/expo-2016-in-antalya-wird-eroeffnet\/\"},\"wordCount\":330,\"commentCount\":0,\"publisher\":{\"@id\":\"https:\/\/www.newlifecyprus.com\/de\/#organization\"},\"image\":{\"@id\":\"https:\/\/www.newlifecyprus.com\/de\/neues\/expo-2016-in-antalya-wird-eroeffnet\/#primaryimage\"},\"thumbnailUrl\":\"https:\/\/www.newlifecyprus.com\/wp-content\/uploads\/2016\/04\/expo2016.jpg\",\"articleSection\":[\"Neues\"],\"inLanguage\":\"de-DE\"},{\"@type\":\"WebPage\",\"@id\":\"https:\/\/www.newlifecyprus.com\/de\/neues\/expo-2016-in-antalya-wird-eroeffnet\/\",\"url\":\"https:\/\/www.newlifecyprus.com\/de\/neues\/expo-2016-in-antalya-wird-eroeffnet\/\",\"name\":\"EXPO 2016 in Antalya wird er\u00f6ffnet - Immobilien in Zypern\",\"isPartOf\":{\"@id\":\"https:\/\/www.newlifecyprus.com\/de\/#website\"},\"primaryImageOfPage\":{\"@id\":\"https:\/\/www.newlifecyprus.com\/de\/neues\/expo-2016-in-antalya-wird-eroeffnet\/#primaryimage\"},\"image\":{\"@id\":\"https:\/\/www.newlifecyprus.com\/de\/neues\/expo-2016-in-antalya-wird-eroeffnet\/#primaryimage\"},\"thumbnailUrl\":\"https:\/\/www.newlifecyprus.com\/wp-content\/uploads\/2016\/04\/expo2016.jpg\",\"datePublished\":\"2016-04-22T13:30:15+00:00\",\"breadcrumb\":{\"@id\":\"https:\/\/www.newlifecyprus.com\/de\/neues\/expo-2016-in-antalya-wird-eroeffnet\/#breadcrumb\"},\"inLanguage\":\"de-DE\",\"potentialAction\":[{\"@type\":\"ReadAction\",\"target\":[\"https:\/\/www.newlifecyprus.com\/de\/neues\/expo-2016-in-antalya-wird-eroeffnet\/\"]}]},{\"@type\":\"ImageObject\",\"inLanguage\":\"de-DE\",\"@id\":\"https:\/\/www.newlifecyprus.com\/de\/neues\/expo-2016-in-antalya-wird-eroeffnet\/#primaryimage\",\"url\":\"https:\/\/www.newlifecyprus.com\/wp-content\/uploads\/2016\/04\/expo2016.jpg\",\"contentUrl\":\"https:\/\/www.newlifecyprus.com\/wp-content\/uploads\/2016\/04\/expo2016.jpg\",\"width\":500,\"height\":415},{\"@type\":\"BreadcrumbList\",\"@id\":\"https:\/\/www.newlifecyprus.com\/de\/neues\/expo-2016-in-antalya-wird-eroeffnet\/#breadcrumb\",\"itemListElement\":[{\"@type\":\"ListItem\",\"position\":1,\"name\":\"Home\",\"item\":\"https:\/\/www.newlifecyprus.com\/de\/startseite\/\"},{\"@type\":\"ListItem\",\"position\":2,\"name\":\"EXPO 2016 in Antalya wird er\u00f6ffnet\"}]},{\"@type\":\"WebSite\",\"@id\":\"https:\/\/www.newlifecyprus.com\/de\/#website\",\"url\":\"https:\/\/www.newlifecyprus.com\/de\/\",\"name\":\"Properties in Cyprus\",\"description\":\"New Life Cyprus\",\"publisher\":{\"@id\":\"https:\/\/www.newlifecyprus.com\/de\/#organization\"},\"potentialAction\":[{\"@type\":\"SearchAction\",\"target\":{\"@type\":\"EntryPoint\",\"urlTemplate\":\"https:\/\/www.newlifecyprus.com\/de\/?s={search_term_string}\"},\"query-input\":{\"@type\":\"PropertyValueSpecification\",\"valueRequired\":true,\"valueName\":\"search_term_string\"}}],\"inLanguage\":\"de-DE\"},{\"@type\":\"Organization\",\"@id\":\"https:\/\/www.newlifecyprus.com\/de\/#organization\",\"name\":\"Properties in Cyprus\",\"url\":\"https:\/\/www.newlifecyprus.com\/de\/\",\"logo\":{\"@type\":\"ImageObject\",\"inLanguage\":\"de-DE\",\"@id\":\"https:\/\/www.newlifecyprus.com\/de\/#\/schema\/logo\/image\/\",\"url\":\"https:\/\/www.newlifecyprus.com\/wp-content\/uploads\/2022\/05\/logo-205.png\",\"contentUrl\":\"https:\/\/www.newlifecyprus.com\/wp-content\/uploads\/2022\/05\/logo-205.png\",\"width\":205,\"height\":46,\"caption\":\"Properties in Cyprus\"},\"image\":{\"@id\":\"https:\/\/www.newlifecyprus.com\/de\/#\/schema\/logo\/image\/\"},\"sameAs\":[\"https:\/\/www.facebook.com\/newlifeturkeyinalanya\/\",\"https:\/\/x.com\/NewLifeAlanya\"]},{\"@type\":\"Person\",\"@id\":\"https:\/\/www.newlifecyprus.com\/de\/#\/schema\/person\/5be5fa430d698f3cacddc6a8f0aeb1b5\",\"name\":\"ivonne\",\"image\":{\"@type\":\"ImageObject\",\"inLanguage\":\"de-DE\",\"@id\":\"https:\/\/www.newlifecyprus.com\/de\/#\/schema\/person\/image\/\",\"url\":\"https:\/\/secure.gravatar.com\/avatar\/a35e164491724918adfa04c96b11cb7b?s=96&d=mm&r=g\",\"contentUrl\":\"https:\/\/secure.gravatar.com\/avatar\/a35e164491724918adfa04c96b11cb7b?s=96&d=mm&r=g\",\"caption\":\"ivonne\"}}]}<\/script>\n<!-- \/ Yoast SEO plugin. -->","yoast_head_json":{"title":"EXPO 2016 in Antalya wird er\u00f6ffnet - Immobilien in Zypern","robots":{"index":"index","follow":"follow","max-snippet":"max-snippet:-1","max-image-preview":"max-image-preview:large","max-video-preview":"max-video-preview:-1"},"canonical":"https:\/\/www.newlifecyprus.com\/de\/neues\/expo-2016-in-antalya-wird-eroeffnet\/","og_locale":"de_DE","og_type":"article","og_title":"EXPO 2016 in Antalya wird er\u00f6ffnet - Immobilien in Zypern","og_description":"Dieses Jahr feiert Antalya am 23. April neben dem offiziellen Kindertag auch die Er\u00f6ffnung der Internationalen Botanischen Ausstellung EXPO 2016. &nbsp; Etwa 8 Millionen Besucher werden erwartet, um die Expo 2016 zu besuchen. Die Baukosten f\u00fcr dieses Megaprojekt beliefen sich auf 1,7 Milliarden TL ($ 600.000.000). An der EXPO nehmen mehr als 30 L\u00e4ndern teil, so z.B. der Sudan, Katar, Gro\u00dfbritanien und die Niederlande. ...","og_url":"https:\/\/www.newlifecyprus.com\/de\/neues\/expo-2016-in-antalya-wird-eroeffnet\/","og_site_name":"Immobilien in Zypern","article_publisher":"https:\/\/www.facebook.com\/newlifeturkeyinalanya\/","article_published_time":"2016-04-22T13:30:15+00:00","og_image":[{"width":500,"height":415,"url":"https:\/\/www.newlifecyprus.com\/wp-content\/uploads\/2016\/04\/expo2016.jpg","type":"image\/jpeg"}],"author":"ivonne","twitter_card":"summary_large_image","twitter_creator":"@NewLifeAlanya","twitter_site":"@NewLifeAlanya","twitter_misc":{"Verfasst von":"ivonne","Gesch\u00e4tzte Lesezeit":"2 Minuten"},"schema":{"@context":"https:\/\/schema.org","@graph":[{"@type":"Article","@id":"https:\/\/www.newlifecyprus.com\/de\/neues\/expo-2016-in-antalya-wird-eroeffnet\/#article","isPartOf":{"@id":"https:\/\/www.newlifecyprus.com\/de\/neues\/expo-2016-in-antalya-wird-eroeffnet\/"},"author":{"name":"ivonne","@id":"https:\/\/www.newlifecyprus.com\/de\/#\/schema\/person\/5be5fa430d698f3cacddc6a8f0aeb1b5"},"headline":"EXPO 2016 in Antalya wird er\u00f6ffnet","datePublished":"2016-04-22T13:30:15+00:00","mainEntityOfPage":{"@id":"https:\/\/www.newlifecyprus.com\/de\/neues\/expo-2016-in-antalya-wird-eroeffnet\/"},"wordCount":330,"commentCount":0,"publisher":{"@id":"https:\/\/www.newlifecyprus.com\/de\/#organization"},"image":{"@id":"https:\/\/www.newlifecyprus.com\/de\/neues\/expo-2016-in-antalya-wird-eroeffnet\/#primaryimage"},"thumbnailUrl":"https:\/\/www.newlifecyprus.com\/wp-content\/uploads\/2016\/04\/expo2016.jpg","articleSection":["Neues"],"inLanguage":"de-DE"},{"@type":"WebPage","@id":"https:\/\/www.newlifecyprus.com\/de\/neues\/expo-2016-in-antalya-wird-eroeffnet\/","url":"https:\/\/www.newlifecyprus.com\/de\/neues\/expo-2016-in-antalya-wird-eroeffnet\/","name":"EXPO 2016 in Antalya wird er\u00f6ffnet - Immobilien in Zypern","isPartOf":{"@id":"https:\/\/www.newlifecyprus.com\/de\/#website"},"primaryImageOfPage":{"@id":"https:\/\/www.newlifecyprus.com\/de\/neues\/expo-2016-in-antalya-wird-eroeffnet\/#primaryimage"},"image":{"@id":"https:\/\/www.newlifecyprus.com\/de\/neues\/expo-2016-in-antalya-wird-eroeffnet\/#primaryimage"},"thumbnailUrl":"https:\/\/www.newlifecyprus.com\/wp-content\/uploads\/2016\/04\/expo2016.jpg","datePublished":"2016-04-22T13:30:15+00:00","breadcrumb":{"@id":"https:\/\/www.newlifecyprus.com\/de\/neues\/expo-2016-in-antalya-wird-eroeffnet\/#breadcrumb"},"inLanguage":"de-DE","potentialAction":[{"@type":"ReadAction","target":["https:\/\/www.newlifecyprus.com\/de\/neues\/expo-2016-in-antalya-wird-eroeffnet\/"]}]},{"@type":"ImageObject","inLanguage":"de-DE","@id":"https:\/\/www.newlifecyprus.com\/de\/neues\/expo-2016-in-antalya-wird-eroeffnet\/#primaryimage","url":"https:\/\/www.newlifecyprus.com\/wp-content\/uploads\/2016\/04\/expo2016.jpg","contentUrl":"https:\/\/www.newlifecyprus.com\/wp-content\/uploads\/2016\/04\/expo2016.jpg","width":500,"height":415},{"@type":"BreadcrumbList","@id":"https:\/\/www.newlifecyprus.com\/de\/neues\/expo-2016-in-antalya-wird-eroeffnet\/#breadcrumb","itemListElement":[{"@type":"ListItem","position":1,"name":"Home","item":"https:\/\/www.newlifecyprus.com\/de\/startseite\/"},{"@type":"ListItem","position":2,"name":"EXPO 2016 in Antalya wird er\u00f6ffnet"}]},{"@type":"WebSite","@id":"https:\/\/www.newlifecyprus.com\/de\/#website","url":"https:\/\/www.newlifecyprus.com\/de\/","name":"Properties in Cyprus","description":"New Life Cyprus","publisher":{"@id":"https:\/\/www.newlifecyprus.com\/de\/#organization"},"potentialAction":[{"@type":"SearchAction","target":{"@type":"EntryPoint","urlTemplate":"https:\/\/www.newlifecyprus.com\/de\/?s={search_term_string}"},"query-input":{"@type":"PropertyValueSpecification","valueRequired":true,"valueName":"search_term_string"}}],"inLanguage":"de-DE"},{"@type":"Organization","@id":"https:\/\/www.newlifecyprus.com\/de\/#organization","name":"Properties in Cyprus","url":"https:\/\/www.newlifecyprus.com\/de\/","logo":{"@type":"ImageObject","inLanguage":"de-DE","@id":"https:\/\/www.newlifecyprus.com\/de\/#\/schema\/logo\/image\/","url":"https:\/\/www.newlifecyprus.com\/wp-content\/uploads\/2022\/05\/logo-205.png","contentUrl":"https:\/\/www.newlifecyprus.com\/wp-content\/uploads\/2022\/05\/logo-205.png","width":205,"height":46,"caption":"Properties in Cyprus"},"image":{"@id":"https:\/\/www.newlifecyprus.com\/de\/#\/schema\/logo\/image\/"},"sameAs":["https:\/\/www.facebook.com\/newlifeturkeyinalanya\/","https:\/\/x.com\/NewLifeAlanya"]},{"@type":"Person","@id":"https:\/\/www.newlifecyprus.com\/de\/#\/schema\/person\/5be5fa430d698f3cacddc6a8f0aeb1b5","name":"ivonne","image":{"@type":"ImageObject","inLanguage":"de-DE","@id":"https:\/\/www.newlifecyprus.com\/de\/#\/schema\/person\/image\/","url":"https:\/\/secure.gravatar.com\/avatar\/a35e164491724918adfa04c96b11cb7b?s=96&d=mm&r=g","contentUrl":"https:\/\/secure.gravatar.com\/avatar\/a35e164491724918adfa04c96b11cb7b?s=96&d=mm&r=g","caption":"ivonne"}}]}},"_links":{"self":[{"href":"https:\/\/www.newlifecyprus.com\/de\/wp-json\/wp\/v2\/posts\/21038"}],"collection":[{"href":"https:\/\/www.newlifecyprus.com\/de\/wp-json\/wp\/v2\/posts"}],"about":[{"href":"https:\/\/www.newlifecyprus.com\/de\/wp-json\/wp\/v2\/types\/post"}],"author":[{"embeddable":true,"href":"https:\/\/www.newlifecyprus.com\/de\/wp-json\/wp\/v2\/users\/3"}],"replies":[{"embeddable":true,"href":"https:\/\/www.newlifecyprus.com\/de\/wp-json\/wp\/v2\/comments?post=21038"}],"version-history":[{"count":0,"href":"https:\/\/www.newlifecyprus.com\/de\/wp-json\/wp\/v2\/posts\/21038\/revisions"}],"wp:featuredmedia":[{"embeddable":true,"href":"https:\/\/www.newlifecyprus.com\/de\/wp-json\/wp\/v2\/media\/21032"}],"wp:attachment":[{"href":"https:\/\/www.newlifecyprus.com\/de\/wp-json\/wp\/v2\/media?parent=21038"}],"wp:term":[{"taxonomy":"category","embeddable":true,"href":"https:\/\/www.newlifecyprus.com\/de\/wp-json\/wp\/v2\/categories?post=21038"},{"taxonomy":"post_tag","embeddable":true,"href":"https:\/\/www.newlifecyprus.com\/de\/wp-json\/wp\/v2\/tags?post=21038"}],"curies":[{"name":"wp","href":"https:\/\/api.w.org\/{rel}","templated":true}]}}